{"id":54943,"date":"2023-04-28T13:40:53","date_gmt":"2023-04-28T11:40:53","guid":{"rendered":"https:\/\/ofmconv.net\/sicilia-calabria-formazione-permanente-annuale\/"},"modified":"2023-04-28T13:46:30","modified_gmt":"2023-04-28T11:46:30","slug":"sicilia-calabria-formazione-permanente-annuale","status":"publish","type":"post","link":"https:\/\/www.ofmconv.net\/es\/sicilia-calabria-formazione-permanente-annuale\/","title":{"rendered":"Sicilia-Calabria: formaci\u00f3n permanente anual"},"content":{"rendered":"<p><strong>Los hermanos de la Provincia de las Santas \u00c1gueda y Luc\u00eda en Italia (Sicilia) y de la Custodia provincial de los Santos Daniel y Compa\u00f1eros M\u00e1rtires en Italia (Calabria), junto con los laicos que colaboran con los hermanos, se reunieron en dos tandas (18-20 y 21-23 de abril de 2023) en Pergusa (Sicilia), en el Oasis Franciscano \u201cMadonnina del Lago\u201d para vivir el encuentro anual de formaci\u00f3n permanente.<\/strong><\/p>\n<p>El tema del encuentro fue \u201cFrancisco de As\u00eds: elogio de la fragilidad\u201d. El encuentro fue dirigido por Fray Felice AUTIERI, actualmente en el Sacro Convento de As\u00eds, profesor de Historia de la Iglesia en la Facultad de Teolog\u00eda de N\u00e1poles y de Historia del Franciscanismo en el Instituto Teol\u00f3gico de As\u00eds. Fray Felice hizo un recorrido interesante sobre la vida de nuestro Ser\u00e1fico Padre San Francisco, los acontecimientos de la naciente Orden, los pasos que fueron necesarios para la aprobaci\u00f3n de la Regla -de la cual estamos celebrando el octavo centenario. Tambi\u00e9n se detuvo en el mundo relacional de San Francisco con las figuras de sus compa\u00f1eros de la primera hora, las mujeres cercanas a \u00e9l, en particular Santa Clara y Jacoba de\u2019 Settesoli (Giacoma FRANGIPANE). El expositor ofreci\u00f3 una lectura hist\u00f3rica, que dio a los participantes la oportunidad de hacer comparaciones con situaciones actuales. Todo se vio siempre, hablando de fragilidad, como una oportunidad de crecimiento y una ocasi\u00f3n para que act\u00fae la gracia de Dios.<br \/>\nHubo mucho que reflexionar y los participantes respondieron, como era de esperar, con preguntas o peticiones de m\u00e1s aclaraciones. Todos los hermanos coincidieron en que el curso de formaci\u00f3n fue realmente enriquecedor, y que los diversos centenarios franciscanos que estamos viviendo son una verdadera riqueza, \u00fatil para profundizar en el conocimiento no s\u00f3lo de la figura de Francisco, sino de los muchos que lo siguieron, abrazando su carisma y enriqueci\u00e9ndolo.<br \/>\nCiertamente, los d\u00edas transcurridos en el maravilloso Oasis franciscano, inmersos en la naturaleza con sus bellos panoramas, la vista del Etna y del lago de Pergusa, contribuyeron a embellecer m\u00e1s estas jornadas. El ambiente fraternal entre los participantes fue de gran familiaridad y una oportunidad para profundizar en el conocimiento mutuo.<br \/>\nMomentos de especial alegr\u00eda: la celebraci\u00f3n del 60\u00b0 aniversario de sacerdocio de Fray Fedele FIASCONARO (30 de marzo), el 28\u00b0 aniversario de ordenaci\u00f3n sacerdotal de Fray Saverio BENENATI (22 de abril), el d\u00eda del santo de Fray Giorgio TASSONE Custodio de Calabria (23 de abril).<br \/>\nDamos gracias al Se\u00f1or por el don de estos d\u00edas vividos en esp\u00edritu de comuni\u00f3n fraterna y, sobre todo, porque sigue hablando a nuestras vidas a trav\u00e9s de su siervo Francisco de As\u00eds.<\/p>\n<p style=\"text-align: right;\">Fray Rosario TERRANOVA, Secretario provincial.<\/p>\n<p><iframe loading=\"lazy\" title=\"Sicilia-Calabria - OFMConv - Formazione permanente annuale\" width=\"696\" height=\"392\" src=\"https:\/\/www.youtube.com\/embed\/Ughho8Uw3cY?wmode=transparent&amp;rel=0&amp;feature=oembed\" frameborder=\"0\" allow=\"accelerometer; autoplay; clipboard-write; encrypted-media; gyroscope; picture-in-picture; web-share\" referrerpolicy=\"strict-origin-when-cross-origin\" allowfullscreen><\/iframe><\/p>\n","protected":false},"excerpt":{"rendered":"<p>Los hermanos de la Provincia de las Santas \u00c1gueda y Luc\u00eda en Italia (Sicilia) y de la Custodia provincial de los Santos Daniel y Compa\u00f1eros M\u00e1rtires en Italia (Calabria), junto con los laicos que colaboran con los hermanos, se reunieron en dos tandas (18-20 y 21-23 de abril de 2023) en Pergusa (Sicilia), en el [&hellip;]<\/p>\n","protected":false},"author":1,"featured_media":54939,"comment_status":"closed","ping_status":"open","sticky":false,"template":"","format":"standard","meta":{"ngg_post_thumbnail":0,"footnotes":""},"categories":[133,116,150],"tags":[611,1597,1913],"class_list":["post-54943","post","type-post","status-publish","format-standard","has-post-thumbnail","category-federaciones","category-fimp-es","category-noticias","tag-formacion","tag-italia-calabria-es","tag-italia-sicilia-es"],"_links":{"self":[{"href":"https:\/\/www.ofmconv.net\/es\/wp-json\/wp\/v2\/posts\/54943","targetHints":{"allow":["GET"]}}],"collection":[{"href":"https:\/\/www.ofmconv.net\/es\/wp-json\/wp\/v2\/posts"}],"about":[{"href":"https:\/\/www.ofmconv.net\/es\/wp-json\/wp\/v2\/types\/post"}],"author":[{"embeddable":true,"href":"https:\/\/www.ofmconv.net\/es\/wp-json\/wp\/v2\/users\/1"}],"replies":[{"embeddable":true,"href":"https:\/\/www.ofmconv.net\/es\/wp-json\/wp\/v2\/comments?post=54943"}],"version-history":[{"count":0,"href":"https:\/\/www.ofmconv.net\/es\/wp-json\/wp\/v2\/posts\/54943\/revisions"}],"wp:featuredmedia":[{"embeddable":true,"href":"https:\/\/www.ofmconv.net\/es\/wp-json\/wp\/v2\/media\/54939"}],"wp:attachment":[{"href":"https:\/\/www.ofmconv.net\/es\/wp-json\/wp\/v2\/media?parent=54943"}],"wp:term":[{"taxonomy":"category","embeddable":true,"href":"https:\/\/www.ofmconv.net\/es\/wp-json\/wp\/v2\/categories?post=54943"},{"taxonomy":"post_tag","embeddable":true,"href":"https:\/\/www.ofmconv.net\/es\/wp-json\/wp\/v2\/tags?post=54943"}],"curies":[{"name":"wp","href":"https:\/\/api.w.org\/{rel}","templated":true}]}}