{"id":55159,"date":"2023-05-08T12:45:25","date_gmt":"2023-05-08T10:45:25","guid":{"rendered":"https:\/\/ofmconv.net\/calabria-sicilia-festa-provinciale\/"},"modified":"2023-05-08T12:51:38","modified_gmt":"2023-05-08T10:51:38","slug":"calabria-sicilia-festa-provinciale","status":"publish","type":"post","link":"https:\/\/www.ofmconv.net\/es\/calabria-sicilia-festa-provinciale\/","title":{"rendered":"Calabria-Sicilia: fiesta provincial"},"content":{"rendered":"<p><strong>El viernes 5 de mayo se reunieron en el Convento de San Francisco de Palmi-Calabria los hermanos de la Provincia de las Santas \u00c1gueda y Luc\u00eda en Italia (Sicilia) y de la Custodia provincial de los Santos Daniel y Compa\u00f1eros M\u00e1rtires en Italia (Calabria).<\/strong><\/p>\n<p>Hubo una calurosa acogida por parte del Custodio Fray Giorgio TASSONE y de la comunidad de hermanos y laicos de Palmi. Los hermanos de la Provincia de Sicilia, junto con algunos colaboradores laicos, partieron a primera hora de la ma\u00f1ana en autob\u00fas hacia Calabria.<br \/>\nUna vez en Palmi, el Custodio present\u00f3 la realidad social y religiosa de la ciudad y las diversas actividades pastorales de la Parroquia. A continuaci\u00f3n tuvo lugar la Celebraci\u00f3n Eucar\u00edstica presidida por Fray Giorgio TASSONE. Durante la celebraci\u00f3n, inmediatamente despu\u00e9s de la homil\u00eda, los hermanos renovaron sus votos.<br \/>\nAl final de la celebraci\u00f3n, el Ministro provincial de Sicilia, Fray Gaspare LA BARBERA, agradeci\u00f3 al Custodio y a los hermanos de Calabria la calurosa acogida, y record\u00f3 que haber elegido Palmi como lugar para celebrar la &#8220;Fiesta de la Provincia&#8221; es un paso m\u00e1s en el camino ya emprendido que ver\u00e1, a finales de agosto de 2023, las dos realidades, Sicilia y Calabria, convertirse en una \u00fanica jurisdicci\u00f3n con el nombre de &#8220;Provincia de la Inmaculada Concepci\u00f3n&#8221; de Italia Meridional.<br \/>\nOtro momento fuerte de la jornada fue el recuerdo por parte del Ministro provincial de los hermanos que celebran aniversarios en el a\u00f1o en curso, en particular: Fray Salvatore LO CURCIO, Vicario provincial de Sicilia, por su 25\u00ba aniversario de Ordenaci\u00f3n presbiteral el 5 de enero; Fray Vincenzo MANGONE, 60\u00ba aniversario de Ordenaci\u00f3n presbiteral, el 17 de febrero; Fray Fedele FIASCONARO y Fray Augusto DRAGO, 60\u00ba de Ordenaci\u00f3n presbiteral, el 30 de marzo; Fray Angelo SPARACINO, 60\u00ba de Ordenaci\u00f3n presbiteral, el 1 de septiembre; Fray Antonio PARISI, 25\u00ba aniversario de su Profesi\u00f3n religiosa, el 6 de septiembre; Fray Tommaso GAUDIO el 17 de septiembre, 70\u00ba aniversario de su Profesi\u00f3n religiosa; Fray Felice FIASCONARO tambi\u00e9n el 17 de septiembre, 60\u00ba aniversario de su Profesi\u00f3n religiosa; Fray Francesco CELESTINO el 29 de diciembre, 25\u00ba aniversario de su Ordenaci\u00f3n sacerdotal.<br \/>\nDurante la oraci\u00f3n de sufragio de la Santa Misa, todos rezaron por los hermanos fallecidos durante el a\u00f1o, en particular por Fray Antonio MILAZZO y Fray Luigi BUTERA, y por la madre de Fray Antonino ARENA, que hab\u00eda regresado a la casa del Padre en los d\u00edas anteriores.<br \/>\nAl final de la celebraci\u00f3n, Fray Gaspare LA BARBERA, en nombre de toda la Provincia, hizo entrega a la Custodia de Calabria de un plato de cer\u00e1mica decorado, de escuela palermitana, en recuerdo de la fiesta pasada juntos.<br \/>\nDespu\u00e9s de la comida, a dos pasos de la iglesia, se visit\u00f3 el edificio cedido en comodato por el Ayuntamiento de Palmi a la Parroquia, que se utiliza como Centro Social \u201cMadonna del Rosario\u201d, donde se desarrollan diversas actividades, entre ellas actos lit\u00fargicos al aire libre.<br \/>\nLa jornada termin\u00f3 con un paseo por el hermoso Paseo Mar\u00edtimo de &#8220;Ulivarella&#8221;, desde donde se divisan Sicilia y las Islas Eolias en el horizonte. Un panorama que nos record\u00f3 lo cerca que est\u00e1n Sicilia y Calabria, no s\u00f3lo geogr\u00e1ficamente, sino sobre todo por el esp\u00edritu de fraternidad franciscana.<\/p>\n<p style=\"text-align: right;\">Fray Rosario TERRANOVA, Secretario provincial.<\/p>\n<p><iframe loading=\"lazy\" title=\"Calabria - Sicilia   OFMConv\" width=\"696\" height=\"392\" src=\"https:\/\/www.youtube.com\/embed\/iWXTTWX-pjs?wmode=transparent&amp;rel=0&amp;feature=oembed\" frameborder=\"0\" allow=\"accelerometer; autoplay; clipboard-write; encrypted-media; gyroscope; picture-in-picture; web-share\" referrerpolicy=\"strict-origin-when-cross-origin\" allowfullscreen><\/iframe><\/p>\n","protected":false},"excerpt":{"rendered":"<p>El viernes 5 de mayo se reunieron en el Convento de San Francisco de Palmi-Calabria los hermanos de la Provincia de las Santas \u00c1gueda y Luc\u00eda en Italia (Sicilia) y de la Custodia provincial de los Santos Daniel y Compa\u00f1eros M\u00e1rtires en Italia (Calabria). Hubo una calurosa acogida por parte del Custodio Fray Giorgio TASSONE [&hellip;]<\/p>\n","protected":false},"author":1,"featured_media":55155,"comment_status":"closed","ping_status":"open","sticky":false,"template":"","format":"standard","meta":{"ngg_post_thumbnail":0,"footnotes":""},"categories":[133,116,150],"tags":[1302,1597,1913],"class_list":["post-55159","post","type-post","status-publish","format-standard","has-post-thumbnail","category-federaciones","category-fimp-es","category-noticias","tag-encuentro-fraterno","tag-italia-calabria-es","tag-italia-sicilia-es"],"_links":{"self":[{"href":"https:\/\/www.ofmconv.net\/es\/wp-json\/wp\/v2\/posts\/55159","targetHints":{"allow":["GET"]}}],"collection":[{"href":"https:\/\/www.ofmconv.net\/es\/wp-json\/wp\/v2\/posts"}],"about":[{"href":"https:\/\/www.ofmconv.net\/es\/wp-json\/wp\/v2\/types\/post"}],"author":[{"embeddable":true,"href":"https:\/\/www.ofmconv.net\/es\/wp-json\/wp\/v2\/users\/1"}],"replies":[{"embeddable":true,"href":"https:\/\/www.ofmconv.net\/es\/wp-json\/wp\/v2\/comments?post=55159"}],"version-history":[{"count":0,"href":"https:\/\/www.ofmconv.net\/es\/wp-json\/wp\/v2\/posts\/55159\/revisions"}],"wp:featuredmedia":[{"embeddable":true,"href":"https:\/\/www.ofmconv.net\/es\/wp-json\/wp\/v2\/media\/55155"}],"wp:attachment":[{"href":"https:\/\/www.ofmconv.net\/es\/wp-json\/wp\/v2\/media?parent=55159"}],"wp:term":[{"taxonomy":"category","embeddable":true,"href":"https:\/\/www.ofmconv.net\/es\/wp-json\/wp\/v2\/categories?post=55159"},{"taxonomy":"post_tag","embeddable":true,"href":"https:\/\/www.ofmconv.net\/es\/wp-json\/wp\/v2\/tags?post=55159"}],"curies":[{"name":"wp","href":"https:\/\/api.w.org\/{rel}","templated":true}]}}