{"id":55280,"date":"2023-05-10T13:19:16","date_gmt":"2023-05-10T11:19:16","guid":{"rendered":"https:\/\/ofmconv.net\/pergusa-giornata-di-fraternita-ecologica\/"},"modified":"2023-05-10T13:23:57","modified_gmt":"2023-05-10T11:23:57","slug":"pergusa-giornata-di-fraternita-ecologica","status":"publish","type":"post","link":"https:\/\/www.ofmconv.net\/es\/pergusa-giornata-di-fraternita-ecologica\/","title":{"rendered":"Pergusa: jornada de fraternidad ecol\u00f3gica"},"content":{"rendered":"<p><strong>El 1 de mayo de 2023 se celebr\u00f3 en Pergusa (Sicilia) una jornada de fraternidad ecol\u00f3gica, organizada por los j\u00f3venes animadores de <em>Laudato Si&#8217;<\/em>, del Movimiento Juvenil Franciscano (MJF) de Sicilia.<\/strong><\/p>\n<p>El evento comenz\u00f3 en el sal\u00f3n del Oasis Franciscano &#8220;Madonnina del Lago&#8221;, donde tuvo lugar un breve momento de oraci\u00f3n con la recitaci\u00f3n del Salmo 104, acompa\u00f1ado de cantos.<br \/>\nDespu\u00e9s, los participantes, divididos en peque\u00f1os grupos, se dedicaron a diversas actividades al aire libre, en particular la plantaci\u00f3n de \u00e1rboles en los terrenos del Oasis, que hab\u00edan sido devastados por un incendio en agosto de 2021, y la limpieza de las zonas vecinas, donde se hab\u00edan acumulado a\u00f1os y a\u00f1os de basura abandonada de manera inc\u00edvica. Tambi\u00e9n se cuidaron y limpiaron los terrenos para evitar el peligro de desprendimientos y derrumbes.<br \/>\nOtro grupo se dedic\u00f3 a la preparaci\u00f3n de la barbacoa, en torno a la cual se reunieron los dem\u00e1s grupos a la hora de comer para disfrutar de un alegre almuerzo todos juntos.<br \/>\nLa tarde se desarroll\u00f3 bajo el signo de la fiesta y la fraternidad; finalmente, el acto concluy\u00f3 con la celebraci\u00f3n de la Eucarist\u00eda.<br \/>\nA la jornada asistieron j\u00f3venes del movimiento y otros, personas de diversas realidades locales y familias.<br \/>\nFue una oportunidad preciosa para vivir momentos de compartir, alegr\u00eda y unidad en el cuidado de la Creaci\u00f3n, con gestos sencillos que de alguna manera pueden marcar la diferencia.<br \/>\nLos j\u00f3venes que vivieron esta experiencia se despidieron comiendo juntos un helado y deseando poder organizar iniciativas similares en el futuro, quiz\u00e1s incluso con la participaci\u00f3n de nuevos amigos.<\/p>\n<p style=\"text-align: right;\">Giulia BARBERA, Animadora <em>Laudato Si\u2019<\/em> del MJF de Sicilia.<\/p>\nngg_shortcode_0_placeholder\n","protected":false},"excerpt":{"rendered":"<p>El 1 de mayo de 2023 se celebr\u00f3 en Pergusa (Sicilia) una jornada de fraternidad ecol\u00f3gica, organizada por los j\u00f3venes animadores de Laudato Si&#8217;, del Movimiento Juvenil Franciscano (MJF) de Sicilia. El evento comenz\u00f3 en el sal\u00f3n del Oasis Franciscano &#8220;Madonnina del Lago&#8221;, donde tuvo lugar un breve momento de oraci\u00f3n con la recitaci\u00f3n del [&hellip;]<\/p>\n","protected":false},"author":1,"featured_media":55276,"comment_status":"closed","ping_status":"open","sticky":false,"template":"","format":"standard","meta":{"ngg_post_thumbnail":0,"footnotes":""},"categories":[133,116,150],"tags":[1913,1200],"class_list":["post-55280","post","type-post","status-publish","format-standard","has-post-thumbnail","category-federaciones","category-fimp-es","category-noticias","tag-italia-sicilia-es","tag-juventud"],"_links":{"self":[{"href":"https:\/\/www.ofmconv.net\/es\/wp-json\/wp\/v2\/posts\/55280","targetHints":{"allow":["GET"]}}],"collection":[{"href":"https:\/\/www.ofmconv.net\/es\/wp-json\/wp\/v2\/posts"}],"about":[{"href":"https:\/\/www.ofmconv.net\/es\/wp-json\/wp\/v2\/types\/post"}],"author":[{"embeddable":true,"href":"https:\/\/www.ofmconv.net\/es\/wp-json\/wp\/v2\/users\/1"}],"replies":[{"embeddable":true,"href":"https:\/\/www.ofmconv.net\/es\/wp-json\/wp\/v2\/comments?post=55280"}],"version-history":[{"count":0,"href":"https:\/\/www.ofmconv.net\/es\/wp-json\/wp\/v2\/posts\/55280\/revisions"}],"wp:featuredmedia":[{"embeddable":true,"href":"https:\/\/www.ofmconv.net\/es\/wp-json\/wp\/v2\/media\/55276"}],"wp:attachment":[{"href":"https:\/\/www.ofmconv.net\/es\/wp-json\/wp\/v2\/media?parent=55280"}],"wp:term":[{"taxonomy":"category","embeddable":true,"href":"https:\/\/www.ofmconv.net\/es\/wp-json\/wp\/v2\/categories?post=55280"},{"taxonomy":"post_tag","embeddable":true,"href":"https:\/\/www.ofmconv.net\/es\/wp-json\/wp\/v2\/tags?post=55280"}],"curies":[{"name":"wp","href":"https:\/\/api.w.org\/{rel}","templated":true}]}}