{"id":55447,"date":"2023-05-12T13:33:22","date_gmt":"2023-05-12T11:33:22","guid":{"rendered":"https:\/\/ofmconv.net\/seraphicum-conferimento-dellaccolitato\/"},"modified":"2023-05-12T13:39:09","modified_gmt":"2023-05-12T11:39:09","slug":"seraphicum-conferimento-dellaccolitato","status":"publish","type":"post","link":"https:\/\/www.ofmconv.net\/es\/seraphicum-conferimento-dellaccolitato\/","title":{"rendered":"Seraphicum: instituci\u00f3n de nuevos Ac\u00f3litos"},"content":{"rendered":"<p><strong>El martes 9 de mayo de 2023 a las 19:00 horas en la capilla San Buenaventura, durante la Santa Misa presidida por el Rector del Colegio Seraphicum de Roma Fray Adam M\u0104CZKA, fueron instituidos ac\u00f3litos nueve hermanos Profesos temporales de la comunidad formativa.<\/strong><\/p>\n<p>Durante su homil\u00eda, dirigi\u00e9ndose a los candidatos, Fray Adam record\u00f3 la primera redacci\u00f3n de la Carta a los Cl\u00e9rigos de San Francisco de As\u00eds: <em>\u201cConsideremos todos los cl\u00e9rigos el gran pecado e ignorancia que tienen algunos acerca del sant\u00edsimo cuerpo y sangre de nuestro Se\u00f1or Jesucristo\u201d<\/em> (CtaCle 1). Con estas palabras, el Poverello de Aspis se dirige a quienes administran los santos misterios, invit\u00e1ndoles a realizar este servicio con el debido honor y decoro. La concesi\u00f3n del Acolitado es un paso m\u00e1s en el camino vocacional de estos hermanos, que reciben por don y gracia de Cristo un ministerio que los pone al servicio de la comunidad eclesial, asistiendo a los sacerdotes y di\u00e1conos en las acciones lit\u00fargicas.<br \/>\nHan recibido el ministerio: Fray Andr\u00e9 M. GHANAAT RAHBAR, Fray Augustine KADDU, Fray Benedict Nestory MSOFFE, Fray Moses Johnmaria FIDELIS, Fray Paul MUTAASA, Fray Ronnie KIBAGAJJO, Fray Simon Michael SHIMBE, Fray Tom\u00e1s Valerio ZEBALLO CABALLERO y Fray Vladyslav PASHAYEV.<br \/>\nFelicitamos fraternalmente a los nuevos Ac\u00f3litos. Recemos por ellos y por todos los que est\u00e1n en discernimiento hacia el sacerdocio, para que perseveren en su camino.<\/p>\n<p style=\"text-align: right;\">Fray Roberto LIGGERI.<\/p>\n<p><iframe loading=\"lazy\" title=\"Seraphicum - Accolitato 2023\" width=\"696\" height=\"392\" src=\"https:\/\/www.youtube.com\/embed\/ClNbaC-dpv8?wmode=transparent&amp;rel=0&amp;feature=oembed\" frameborder=\"0\" allow=\"accelerometer; autoplay; clipboard-write; encrypted-media; gyroscope; picture-in-picture; web-share\" referrerpolicy=\"strict-origin-when-cross-origin\" allowfullscreen><\/iframe><\/p>\n","protected":false},"excerpt":{"rendered":"<p>El martes 9 de mayo de 2023 a las 19:00 horas en la capilla San Buenaventura, durante la Santa Misa presidida por el Rector del Colegio Seraphicum de Roma Fray Adam M\u0104CZKA, fueron instituidos ac\u00f3litos nueve hermanos Profesos temporales de la comunidad formativa. Durante su homil\u00eda, dirigi\u00e9ndose a los candidatos, Fray Adam record\u00f3 la primera [&hellip;]<\/p>\n","protected":false},"author":1,"featured_media":55443,"comment_status":"closed","ping_status":"open","sticky":false,"template":"","format":"standard","meta":{"ngg_post_thumbnail":0,"footnotes":""},"categories":[150,146],"tags":[611,338],"class_list":["post-55447","post","type-post","status-publish","format-standard","has-post-thumbnail","category-noticias","category-ufficio-comunicazioni-es","tag-formacion","tag-seraphicum-es"],"_links":{"self":[{"href":"https:\/\/www.ofmconv.net\/es\/wp-json\/wp\/v2\/posts\/55447","targetHints":{"allow":["GET"]}}],"collection":[{"href":"https:\/\/www.ofmconv.net\/es\/wp-json\/wp\/v2\/posts"}],"about":[{"href":"https:\/\/www.ofmconv.net\/es\/wp-json\/wp\/v2\/types\/post"}],"author":[{"embeddable":true,"href":"https:\/\/www.ofmconv.net\/es\/wp-json\/wp\/v2\/users\/1"}],"replies":[{"embeddable":true,"href":"https:\/\/www.ofmconv.net\/es\/wp-json\/wp\/v2\/comments?post=55447"}],"version-history":[{"count":0,"href":"https:\/\/www.ofmconv.net\/es\/wp-json\/wp\/v2\/posts\/55447\/revisions"}],"wp:featuredmedia":[{"embeddable":true,"href":"https:\/\/www.ofmconv.net\/es\/wp-json\/wp\/v2\/media\/55443"}],"wp:attachment":[{"href":"https:\/\/www.ofmconv.net\/es\/wp-json\/wp\/v2\/media?parent=55447"}],"wp:term":[{"taxonomy":"category","embeddable":true,"href":"https:\/\/www.ofmconv.net\/es\/wp-json\/wp\/v2\/categories?post=55447"},{"taxonomy":"post_tag","embeddable":true,"href":"https:\/\/www.ofmconv.net\/es\/wp-json\/wp\/v2\/tags?post=55447"}],"curies":[{"name":"wp","href":"https:\/\/api.w.org\/{rel}","templated":true}]}}