{"id":55675,"date":"2023-05-19T12:48:51","date_gmt":"2023-05-19T10:48:51","guid":{"rendered":"https:\/\/ofmconv.net\/centro-missionario-incontri-per-i-formandi-fimp\/"},"modified":"2023-05-19T12:53:53","modified_gmt":"2023-05-19T10:53:53","slug":"centro-missionario-incontri-per-i-formandi-fimp","status":"publish","type":"post","link":"https:\/\/www.ofmconv.net\/es\/centro-missionario-incontri-per-i-formandi-fimp\/","title":{"rendered":"Centro Misionero: encuentros para los formandos de la FIMP"},"content":{"rendered":"<p><strong>Los d\u00edas 12 y 16 de mayo de 2023, el Centro Misionero Franciscano de la FIMP (Federazione Intermediterranea Ministri Provinciali) se reuni\u00f3 con los novicios del Sacro Convento de As\u00eds, los cl\u00e9rigos del Convento de Rivotorto y los postulantes del Postulantado de San Jos\u00e9 de Cupertino de Osimo.<\/strong><\/p>\n<p>La iniciativa forma parte del camino de animaci\u00f3n misionera del Centro a favor de los j\u00f3venes en su itinerario formativo para incrementar el esp\u00edritu misionero <em>ad intra<\/em> y <em>ad extra<\/em>, en su vida personal y en los momentos pastorales que se promueven en las parroquias y centros eclesiales.<br \/>\nEl Director Fray Paolo FIASCONARO invit\u00f3 a los j\u00f3venes a releer y profundizar en la Exhortaci\u00f3n Apost\u00f3lica <em>Evangelii Gaudium<\/em> del Papa Francisco, al cumplirse este a\u00f1o (24 de noviembre de 2013) el 10\u00ba aniversario de su promulgaci\u00f3n. El documento marca el programa pastoral del Papa Bergoglio que ha cambiado el rostro de la Iglesia, ha llamado a una conversi\u00f3n misionera en cada acci\u00f3n pastoral y dentro de las propias estructuras eclesiales, y ha trazado un surco profundo en el camino futuro de la Iglesia.<br \/>\nTambi\u00e9n ilustr\u00f3 la vida y las actividades del Centro Misionero, que dialoga cada d\u00eda con todas las misiones de la Orden presentes en 40 pa\u00edses del mundo, explicando c\u00f3mo se desarrollan las solicitudes y la financiaci\u00f3n de los proyectos misioneros, y la mediaci\u00f3n a trav\u00e9s de los medios de comunicaci\u00f3n (la revista &#8220;Il Missionario Francescano&#8221; y la Agencia de Prensa &#8220;MissioConvInforma&#8221;) que informan a bienhechores, comunidades de frailes, parroquias y diversas estructuras eclesiales.<br \/>\nTambi\u00e9n inform\u00f3 sobre el giro misionero de la Orden, que comenz\u00f3 en los primeros treinta a\u00f1os del siglo pasado con la apertura de misiones: en 1925 en China, en 1930 con San Maximiliano Kolbe en Jap\u00f3n, en 1931 en Zambia con Fray Francesco MAZZIERI, y en los \u00faltimos cuarenta a\u00f1os del siglo pasado con la apertura de 35 presencias misioneras en los cinco continentes.<br \/>\nAl final de los encuentros, se proyectaron dos cortos documentales que cuentan la historia de los 90 a\u00f1os de la revista <em>Il Missionario Francescano<\/em> (1933\/2023) y tambi\u00e9n el v\u00eddeo <em>Mission possible sulle banchine del Tevere<\/em> (Misi\u00f3n posible en las orillas del T\u00edber), que narra la experiencia del Centro durante los 7 a\u00f1os de misi\u00f3n durante el verano romano.<br \/>\nLos tres formadores: Fray Vincenzo ESPOSITO, Fray Antonio PARISI y Fray Lucio MASSACESI expresaron su gratitud por haber despertado en los j\u00f3venes el esp\u00edritu misionero y el deseo de un mayor compromiso para vivir la vida cotidiana abierta a la conversi\u00f3n misionera.<br \/>\nPr\u00f3ximamente, en Roma, el Director mantendr\u00e1 un encuentro con los hermanos reci\u00e9n ordenados en el Convento de San Antonio de las Termas (La Vi\u00f1a), y durante el mes misionero de octubre de 2023 con los cl\u00e9rigos del Colegio Internacional del Seraphicum.<\/p>\n<p style=\"text-align: right;\">Fray Paolo FIASCONARO, Director del Centro Misionero<\/p>\nngg_shortcode_0_placeholder\n","protected":false},"excerpt":{"rendered":"<p>Los d\u00edas 12 y 16 de mayo de 2023, el Centro Misionero Franciscano de la FIMP (Federazione Intermediterranea Ministri Provinciali) se reuni\u00f3 con los novicios del Sacro Convento de As\u00eds, los cl\u00e9rigos del Convento de Rivotorto y los postulantes del Postulantado de San Jos\u00e9 de Cupertino de Osimo. La iniciativa forma parte del camino de [&hellip;]<\/p>\n","protected":false},"author":1,"featured_media":55671,"comment_status":"closed","ping_status":"open","sticky":false,"template":"","format":"standard","meta":{"ngg_post_thumbnail":0,"footnotes":""},"categories":[133,116,150],"tags":[817,611],"class_list":["post-55675","post","type-post","status-publish","format-standard","has-post-thumbnail","category-federaciones","category-fimp-es","category-noticias","tag-centro-misionero","tag-formacion"],"_links":{"self":[{"href":"https:\/\/www.ofmconv.net\/es\/wp-json\/wp\/v2\/posts\/55675","targetHints":{"allow":["GET"]}}],"collection":[{"href":"https:\/\/www.ofmconv.net\/es\/wp-json\/wp\/v2\/posts"}],"about":[{"href":"https:\/\/www.ofmconv.net\/es\/wp-json\/wp\/v2\/types\/post"}],"author":[{"embeddable":true,"href":"https:\/\/www.ofmconv.net\/es\/wp-json\/wp\/v2\/users\/1"}],"replies":[{"embeddable":true,"href":"https:\/\/www.ofmconv.net\/es\/wp-json\/wp\/v2\/comments?post=55675"}],"version-history":[{"count":0,"href":"https:\/\/www.ofmconv.net\/es\/wp-json\/wp\/v2\/posts\/55675\/revisions"}],"wp:featuredmedia":[{"embeddable":true,"href":"https:\/\/www.ofmconv.net\/es\/wp-json\/wp\/v2\/media\/55671"}],"wp:attachment":[{"href":"https:\/\/www.ofmconv.net\/es\/wp-json\/wp\/v2\/media?parent=55675"}],"wp:term":[{"taxonomy":"category","embeddable":true,"href":"https:\/\/www.ofmconv.net\/es\/wp-json\/wp\/v2\/categories?post=55675"},{"taxonomy":"post_tag","embeddable":true,"href":"https:\/\/www.ofmconv.net\/es\/wp-json\/wp\/v2\/tags?post=55675"}],"curies":[{"name":"wp","href":"https:\/\/api.w.org\/{rel}","templated":true}]}}