{"id":56155,"date":"2023-05-31T14:07:47","date_gmt":"2023-05-31T12:07:47","guid":{"rendered":"https:\/\/ofmconv.net\/spagna-ordinazione-diaconale\/"},"modified":"2023-05-31T14:12:10","modified_gmt":"2023-05-31T12:12:10","slug":"spagna-ordinazione-diaconale","status":"publish","type":"post","link":"https:\/\/www.ofmconv.net\/es\/spagna-ordinazione-diaconale\/","title":{"rendered":"Ordenaci\u00f3n diaconal en la Provincia de Espa\u00f1a"},"content":{"rendered":"<p><strong>La tarde del 27 de mayo de 2023, ya en la vigilia de la solemnidad de Pentecost\u00e9s, fue ordenado di\u00e1cono Fray Alejandro Mar\u00eda ALDAVERO ROMERO de la Provincia de Nuestra Se\u00f1ora de Montserrat en Espa\u00f1a, en la parroquia de San Francisco de As\u00eds de la ciudad de Valladolid (Castilla y Le\u00f3n, centro-norte de Espa\u00f1a).<\/strong><\/p>\n<p>Presidi\u00f3 la celebraci\u00f3n el Arzobispo de dicha ciudad, Mons. Luis ARG\u00dcELLO GARC\u00cdA, quien estuvo acompa\u00f1ado por un buen n\u00famero de sacerdotes concelebrantes, entre los cuales se encontraba el Ministro provincial, Fray Juan Antonio AD\u00c1NEZ SILV\u00c1N, y otros hermanos de la Provincia, algunos religiosos de otras \u00f3rdenes y miembros del clero diocesano de Madrid y Valladolid.<br \/>\nEl Arzobispo en su hermosa homil\u00eda destac\u00f3 el significado profundo que tiene el recibir un ministerio como el diaconado justo en el contexto de esta solemnidad pascual, \u201cque nos habla del misterio de la Iglesia como comuni\u00f3n de amor y de servicio rec\u00edproco\u201d. Igualmente record\u00f3 c\u00f3mo \u201cel Esp\u00edritu Santo, que nos habita desde el d\u00eda de nuestro bautismo y nos sell\u00f3 a\u00fan m\u00e1s hondamente en la confirmaci\u00f3n, va plasmando en nosotros los mismos sentimientos de Cristo, que no vino a ser servido sino a servir y a dar su vida por los hermanos\u201d. Sus palabras, cargadas de aprecio y cari\u00f1o hacia el carisma de san Francisco de As\u00eds y la misi\u00f3n de sus hijos en la ciudad de Valladolid a trav\u00e9s de nuestra presencia en la parroquia y el colegio, fueron una invitaci\u00f3n a todos los presentes -pero en especial a Fray Alejandro- a seguir el ejemplo del Santo de As\u00eds, viviendo como menores y siervos de todos por amor, en especial de los m\u00e1s pobres.<br \/>\nEl Ministro provincial, por su parte, al final de la celebraci\u00f3n, nos record\u00f3 que \u201cesa extra\u00f1a palabra, tan poco usada, que es la <em>diakonia<\/em>, es en realidad la clave de b\u00f3veda de nuestra vocaci\u00f3n y misi\u00f3n en la Iglesia como hijos y hermanos de san Francisco: estar a los pies de todos, sirviendo con sencillez y humildad\u201d.<br \/>\nFray Alejandro Mar\u00eda reside actualmente en el convento de San Francisco de Valladolid, donde compagina vida fraterna, estudio y servicio en la parroquia y el colegio que la Orden atiende desde hace m\u00e1s de 50 a\u00f1os. Damos gracias a Dios por este nuevo ministro de la Palabra, la liturgia y la caridad, y pedimos al Due\u00f1o de la mies que bendiga a la Provincia de Espa\u00f1a y a toda nuestra Orden con nuevos hermanos.<\/p>\n<p style=\"text-align: right;\">Equipo de comunicaci\u00f3n de la Provincia de Espa\u00f1a.<\/p>\nngg_shortcode_0_placeholder\n","protected":false},"excerpt":{"rendered":"<p>La tarde del 27 de mayo de 2023, ya en la vigilia de la solemnidad de Pentecost\u00e9s, fue ordenado di\u00e1cono Fray Alejandro Mar\u00eda ALDAVERO ROMERO de la Provincia de Nuestra Se\u00f1ora de Montserrat en Espa\u00f1a, en la parroquia de San Francisco de As\u00eds de la ciudad de Valladolid (Castilla y Le\u00f3n, centro-norte de Espa\u00f1a). Presidi\u00f3 [&hellip;]<\/p>\n","protected":false},"author":1,"featured_media":56151,"comment_status":"closed","ping_status":"open","sticky":false,"template":"","format":"standard","meta":{"ngg_post_thumbnail":0,"footnotes":""},"categories":[133,116,150],"tags":[901,1004],"class_list":["post-56155","post","type-post","status-publish","format-standard","has-post-thumbnail","category-federaciones","category-fimp-es","tag-espana","tag-ordenacion-diaconal"],"_links":{"self":[{"href":"https:\/\/www.ofmconv.net\/es\/wp-json\/wp\/v2\/posts\/56155","targetHints":{"allow":["GET"]}}],"collection":[{"href":"https:\/\/www.ofmconv.net\/es\/wp-json\/wp\/v2\/posts"}],"about":[{"href":"https:\/\/www.ofmconv.net\/es\/wp-json\/wp\/v2\/types\/post"}],"author":[{"embeddable":true,"href":"https:\/\/www.ofmconv.net\/es\/wp-json\/wp\/v2\/users\/1"}],"replies":[{"embeddable":true,"href":"https:\/\/www.ofmconv.net\/es\/wp-json\/wp\/v2\/comments?post=56155"}],"version-history":[{"count":0,"href":"https:\/\/www.ofmconv.net\/es\/wp-json\/wp\/v2\/posts\/56155\/revisions"}],"wp:featuredmedia":[{"embeddable":true,"href":"https:\/\/www.ofmconv.net\/es\/wp-json\/wp\/v2\/media\/56151"}],"wp:attachment":[{"href":"https:\/\/www.ofmconv.net\/es\/wp-json\/wp\/v2\/media?parent=56155"}],"wp:term":[{"taxonomy":"category","embeddable":true,"href":"https:\/\/www.ofmconv.net\/es\/wp-json\/wp\/v2\/categories?post=56155"},{"taxonomy":"post_tag","embeddable":true,"href":"https:\/\/www.ofmconv.net\/es\/wp-json\/wp\/v2\/tags?post=56155"}],"curies":[{"name":"wp","href":"https:\/\/api.w.org\/{rel}","templated":true}]}}