{"id":57063,"date":"2023-06-26T14:33:22","date_gmt":"2023-06-26T12:33:22","guid":{"rendered":"https:\/\/ofmconv.net\/seraphicum-incontro-a-meta-strada-ii-turno\/"},"modified":"2023-06-26T14:38:58","modified_gmt":"2023-06-26T12:38:58","slug":"seraphicum-incontro-a-meta-strada-ii-turno","status":"publish","type":"post","link":"https:\/\/www.ofmconv.net\/es\/seraphicum-incontro-a-meta-strada-ii-turno\/","title":{"rendered":"Seraphicum: encuentro \u201cA mitad de camino\u201d, II ronda"},"content":{"rendered":"<p><strong>Del 19 al 23 de junio de 2023, en el Seraphicum de Roma, se celebr\u00f3 la segunda ronda de la Asamblea fraterna &#8220;A mitad de camino&#8221;, que reuni\u00f3 a Ministros, Custodios y Delegados de todas las Federaciones de la Orden.<\/strong><\/p>\n<p>La primera ronda hab\u00eda tenido lugar tambi\u00e9n en el Seraphicum, en enero de 2023. En total, los hermanos reunidos, incluido el Ministro general, Fray Carlos A. TROVARELLI, el Definitorio general y los tres valiosos traductores: 52. M\u00e1s que &#8220;a mitad de camino&#8221;, es decir, a mitad del sexenio 2019-25, el encuentro tuvo lugar dos a\u00f1os antes del pr\u00f3ximo Cap\u00edtulo. Una ocasi\u00f3n, por tanto, para proyectarnos hacia el Cap\u00edtulo general ordinario de 2025 (Seraphicum de junio de 2025) identificando algunos n\u00facleos tem\u00e1ticos prioritarios, no sin antes preguntarnos: <em>\u00bfC\u00f3mo est\u00e1 la Orden? \u00bfCu\u00e1les son los signos de vida y cu\u00e1les los de supervivencia? \u00bfD\u00f3nde estamos con la transmisi\u00f3n y encarnaci\u00f3n creativa del carisma franciscano?<\/em><br \/>\nLas intervenciones del Ministro general y de algunos Definidores generales trataron de introducir estos grandes temas transversales de la Orden. Las aportaciones resonaron tanto en la sala como en los cuatro grupos, animaron la discusi\u00f3n y enriquecieron el di\u00e1logo desde las diversas experiencias de vida y ministerio. Al igual que en la primera ronda, Fray Rog\u00e9rio PEREIRA XAVIER, Asistente general de la FALC (Federaci\u00f3n Am\u00e9rica Latina Conventuales), al final de la intensa semana, recogi\u00f3 y propuso algunas palabras &#8220;clave&#8221; que pueden ser \u00fatiles en la preparaci\u00f3n del Cap\u00edtulo general. Respecto a esto \u00faltimo, se espera celebrar un Cap\u00edtulo con menos an\u00e1lisis (o mejor dicho, m\u00e1s an\u00e1lisis agilizados y esenciales) para escucharnos m\u00e1s a nosotros mismos, al mundo con sus problemas, dej\u00e1ndonos provocar por otras voces (laicos, j\u00f3venes, etc.). Por decir algo del ambiente vivido en la Asamblea, el cronista registr\u00f3, entre otras, dos expresiones significativas: &#8220;\u00a1Son ustedes hermosos! Somos hermosos como Orden&#8221; (Fray Carlos) y &#8220;Un gran regalo de Dios esta Asamblea&#8221; (un hermano).<br \/>\nEstos d\u00edas permitieron participar en los funerales de Fray Franciszek TARGO\u0143SKI, antiguo profesor del Seraphicum al que perteneci\u00f3 como comunidad durante muchos a\u00f1os. Y tambi\u00e9n la alegr\u00eda de acoger las reliquias de los M\u00e1rtires de Pariacoto. Conmovedor fue el momento en que, en el Convento de los Santos Doce Ap\u00f3stoles, numerosas autoridades polacas, coordinadas por el Embajador ante la Santa Sede Adam KWIATKOWSKI, impusieron a los familiares de los Beatos la m\u00e1s alta condecoraci\u00f3n del Estado, la Gran Cruz de la Medalla al M\u00e9rito. Un alt\u00edsimo reconocimiento precisamente porque estos hermanos fueron asesinados &#8220;en odio a la fe&#8221; queriendo compartir plenamente su vida con las personas que les hab\u00edan sido confiadas. A continuaci\u00f3n tuvo lugar una solemne y alegre Concelebraci\u00f3n Eucar\u00edstica presidida por el Hno. Card. Mauro GAMBETTI.<br \/>\nPor \u00faltimo, el 23 de junio, la conclusi\u00f3n de la Asamblea fraterna coincidi\u00f3 con la participaci\u00f3n en la Santa Misa de fin de curso del Seraphicum, celebrada al aire libre y presidida por el Card. Augusto Paolo LOJUDICE Arzobispo de Siena. Fue una forma de estar cerca, como en todas las liturgias de los d\u00edas de la Asamblea, de nuestro seminario internacional, que, con sus veintisiete or\u00edgenes, representa bien el rostro de nuestra Orden, y su esperanza, junto con todos los brotes de vida y de bondad que no faltan en cada Provincia, Custodia y Delegaci\u00f3n de nuestra fraternidad esparcidos por el mundo.<\/p>\n<p style=\"text-align: right;\">Fray Giovanni VOLTAN.<\/p>\n<p><iframe loading=\"lazy\" title=\"A met\u00e0 strada - OFMConv - Giugno 2023\" width=\"696\" height=\"392\" src=\"https:\/\/www.youtube.com\/embed\/BTw2IdTSTtM?wmode=transparent&amp;rel=0&amp;feature=oembed\" frameborder=\"0\" allow=\"accelerometer; autoplay; clipboard-write; encrypted-media; gyroscope; picture-in-picture; web-share\" referrerpolicy=\"strict-origin-when-cross-origin\" allowfullscreen><\/iframe><\/p>\n","protected":false},"excerpt":{"rendered":"<p>Del 19 al 23 de junio de 2023, en el Seraphicum de Roma, se celebr\u00f3 la segunda ronda de la Asamblea fraterna &#8220;A mitad de camino&#8221;, que reuni\u00f3 a Ministros, Custodios y Delegados de todas las Federaciones de la Orden. La primera ronda hab\u00eda tenido lugar tambi\u00e9n en el Seraphicum, en enero de 2023. En [&hellip;]<\/p>\n","protected":false},"author":1,"featured_media":57059,"comment_status":"closed","ping_status":"open","sticky":false,"template":"","format":"standard","meta":{"ngg_post_thumbnail":0,"footnotes":""},"categories":[150,146],"tags":[1917,338],"class_list":["post-57063","post","type-post","status-publish","format-standard","has-post-thumbnail","category-noticias","category-ufficio-comunicazioni-es","tag-encuentro","tag-seraphicum-es"],"_links":{"self":[{"href":"https:\/\/www.ofmconv.net\/es\/wp-json\/wp\/v2\/posts\/57063","targetHints":{"allow":["GET"]}}],"collection":[{"href":"https:\/\/www.ofmconv.net\/es\/wp-json\/wp\/v2\/posts"}],"about":[{"href":"https:\/\/www.ofmconv.net\/es\/wp-json\/wp\/v2\/types\/post"}],"author":[{"embeddable":true,"href":"https:\/\/www.ofmconv.net\/es\/wp-json\/wp\/v2\/users\/1"}],"replies":[{"embeddable":true,"href":"https:\/\/www.ofmconv.net\/es\/wp-json\/wp\/v2\/comments?post=57063"}],"version-history":[{"count":0,"href":"https:\/\/www.ofmconv.net\/es\/wp-json\/wp\/v2\/posts\/57063\/revisions"}],"wp:featuredmedia":[{"embeddable":true,"href":"https:\/\/www.ofmconv.net\/es\/wp-json\/wp\/v2\/media\/57059"}],"wp:attachment":[{"href":"https:\/\/www.ofmconv.net\/es\/wp-json\/wp\/v2\/media?parent=57063"}],"wp:term":[{"taxonomy":"category","embeddable":true,"href":"https:\/\/www.ofmconv.net\/es\/wp-json\/wp\/v2\/categories?post=57063"},{"taxonomy":"post_tag","embeddable":true,"href":"https:\/\/www.ofmconv.net\/es\/wp-json\/wp\/v2\/tags?post=57063"}],"curies":[{"name":"wp","href":"https:\/\/api.w.org\/{rel}","templated":true}]}}