{"id":57144,"date":"2023-06-28T13:22:44","date_gmt":"2023-06-28T11:22:44","guid":{"rendered":"https:\/\/ofmconv.net\/honduras-48-anniversario-dellofferta-della-vita-di-fra-casimiro-cypher\/"},"modified":"2023-06-28T13:26:13","modified_gmt":"2023-06-28T11:26:13","slug":"honduras-48-anniversario-dellofferta-della-vita-di-fra-casimiro-cypher","status":"publish","type":"post","link":"https:\/\/www.ofmconv.net\/es\/honduras-48-anniversario-dellofferta-della-vita-di-fra-casimiro-cypher\/","title":{"rendered":"Honduras: 48 aniversario de la entrega de la vida de Fray Casimiro CYPHER"},"content":{"rendered":"<p>La Parroquia San Jer\u00f3nimo en Gualaco, Olancho, el pasado s\u00e1bado 24 de junio de 2023, se convirti\u00f3 en el centro de encuentro para celebrar la memoria del 48 Aniversario de la entrega generosa de Fray Casimiro CYPHER, suscitada el 25 de junio de 1975 en Olancho &#8211; Honduras.<\/p>\n<p>Varios feligreses de la comunidad local, visitantes y conocidos se hicieron acompa\u00f1ar de Fray Javier E. GUERRA para celebrar con varias actividades religiosas y populares dicha conmemoraci\u00f3n.<br \/>\nPrevio a estas se realiz\u00f3 un conversatorio en las instalaciones de Radio Cat\u00f3lica de Olancho, sobre el avance del Proceso Preliminar Diocesano de la Causa que se realiza en este momento.<br \/>\nLas celebraciones tuvieron como fondo revitalizar la memoria hist\u00f3rica del testimonio y la misi\u00f3n de la Iglesia en tiempos de persecuci\u00f3n, lectura hist\u00f3rica de la vida de Fray Casimiro y la acci\u00f3n agradecida por su entrega generosa, que hoy continua viva y presente en el coraz\u00f3n de la Iglesia que peregrina en Olancho.<br \/>\nDurante la Celebraci\u00f3n de la Eucarist\u00eda presidida por el Padre Juan Gabriel RAM\u00cdREZ, p\u00e1rroco de Gualaco (lugar donde reposan los restos de Fray Casimiro), hizo referencia a las virtudes, el testimonio e imitar el ejemplo de Fray Casimiro. As\u00ed mismo destac\u00f3 la importancia de saberse dar a los dem\u00e1s, incluso ofrendando la vida, esto haciendo referencia a una homil\u00eda escrita por Fray Casimiro a las Hermanas Clarisas pobres de Rockford, Illinois el 09 de agosto de 1970.<br \/>\nLos asistentes mostraron su solidaridad con el proceso de beatificaci\u00f3n portando una foto suya ampliada, y escuchando lecturas de algunos datos hist\u00f3ricos de la vida y misi\u00f3n de Fray Casimiro. As\u00ed mismo visitaron el mausoleo y depositaron arreglos florales donde se conservan sus restos mortales.<br \/>\nA lo largo del d\u00eda 25 de junio en todas las parroquias que conforman la Di\u00f3cesis de Juticalpa se celebr\u00f3 la memoria agradecida de la vida de Fray Casimiro y las dem\u00e1s personas que murieron con \u00e9l.<br \/>\nEl Proceso preliminar Diocesano de la Causa contin\u00faa recolectando evidencias documentales y testificales, junto a la creciente fama de santidad y martirio que goza entre los fieles de la iglesia hondure\u00f1a.<\/p>\n<p style=\"text-align: right;\">Fray Juan Alonzo PAGOADA ACOSTA<br \/>\nVice Postulador.<\/p>\nngg_shortcode_0_placeholder\n","protected":false},"excerpt":{"rendered":"<p>La Parroquia San Jer\u00f3nimo en Gualaco, Olancho, el pasado s\u00e1bado 24 de junio de 2023, se convirti\u00f3 en el centro de encuentro para celebrar la memoria del 48 Aniversario de la entrega generosa de Fray Casimiro CYPHER, suscitada el 25 de junio de 1975 en Olancho &#8211; Honduras. Varios feligreses de la comunidad local, visitantes [&hellip;]<\/p>\n","protected":false},"author":1,"featured_media":57140,"comment_status":"closed","ping_status":"open","sticky":false,"template":"","format":"standard","meta":{"ngg_post_thumbnail":0,"footnotes":""},"categories":[109,133,150],"tags":[2260,889],"class_list":["post-57144","post","type-post","status-publish","format-standard","has-post-thumbnail","category-falc-es","category-federaciones","category-noticias","tag-casimir-cypher-es","tag-honduras-es"],"_links":{"self":[{"href":"https:\/\/www.ofmconv.net\/es\/wp-json\/wp\/v2\/posts\/57144","targetHints":{"allow":["GET"]}}],"collection":[{"href":"https:\/\/www.ofmconv.net\/es\/wp-json\/wp\/v2\/posts"}],"about":[{"href":"https:\/\/www.ofmconv.net\/es\/wp-json\/wp\/v2\/types\/post"}],"author":[{"embeddable":true,"href":"https:\/\/www.ofmconv.net\/es\/wp-json\/wp\/v2\/users\/1"}],"replies":[{"embeddable":true,"href":"https:\/\/www.ofmconv.net\/es\/wp-json\/wp\/v2\/comments?post=57144"}],"version-history":[{"count":0,"href":"https:\/\/www.ofmconv.net\/es\/wp-json\/wp\/v2\/posts\/57144\/revisions"}],"wp:featuredmedia":[{"embeddable":true,"href":"https:\/\/www.ofmconv.net\/es\/wp-json\/wp\/v2\/media\/57140"}],"wp:attachment":[{"href":"https:\/\/www.ofmconv.net\/es\/wp-json\/wp\/v2\/media?parent=57144"}],"wp:term":[{"taxonomy":"category","embeddable":true,"href":"https:\/\/www.ofmconv.net\/es\/wp-json\/wp\/v2\/categories?post=57144"},{"taxonomy":"post_tag","embeddable":true,"href":"https:\/\/www.ofmconv.net\/es\/wp-json\/wp\/v2\/tags?post=57144"}],"curies":[{"name":"wp","href":"https:\/\/api.w.org\/{rel}","templated":true}]}}