{"id":57347,"date":"2023-07-10T13:42:10","date_gmt":"2023-07-10T11:42:10","guid":{"rendered":"https:\/\/ofmconv.net\/nuovo-cardinale-ofmconv-fra-francois-xavier-bustillo\/"},"modified":"2023-07-10T13:55:07","modified_gmt":"2023-07-10T11:55:07","slug":"nuovo-cardinale-ofmconv-fra-francois-xavier-bustillo","status":"publish","type":"post","link":"https:\/\/www.ofmconv.net\/es\/nuovo-cardinale-ofmconv-fra-francois-xavier-bustillo\/","title":{"rendered":"Nuevo Cardenal OFMConv: Fray Fran\u00e7ois-Xavier BUSTILLO"},"content":{"rendered":"<p><strong>El domingo 09 de julio de 2023, en el \u00c1ngelus, el Papa Francisco anunci\u00f3 el pr\u00f3ximo Consistorio, que se celebrar\u00e1 el 30 de septiembre y ver\u00e1 la creaci\u00f3n de 21 nuevos Cardenales, entre ellos nuestro hermano Fray Fran\u00e7ois-Xavier BUSTILLO Obispo de Ajaccio, C\u00f3rcega &#8211; Francia.<\/strong><\/p>\n<p>Fray Fran\u00e7ois naci\u00f3 el 23 de noviembre de 1968 en Pamplona &#8211; Espa\u00f1a. Ingres\u00f3 en el Seminario Menor de Baztan, e inici\u00f3 su Postulantado en Padua, donde complet\u00f3 sus estudios filos\u00f3ficos y teol\u00f3gicos en el Instituto Teol\u00f3gico San Antonio Doctor, antes de obtener la Licenciatura en Teolog\u00eda en el Institut Catholique de Toulouse &#8211; Francia en 1997. Hizo su Profesi\u00f3n simple el 12 de septiembre de 1987, la Profesi\u00f3n solemne el 20 de septiembre de 1992 y fue ordenado Sacerdote el 10 de septiembre de 1994.<br \/>\nDesempe\u00f1\u00f3 los siguientes cargos: Guardi\u00e1n del Convento de Narbona (1994-2018); P\u00e1rroco de San Buenaventura en Narbona (1994-2007); Custodio provincial de la Custodia de San Buenaventura en Francia y B\u00e9lgica (2006-2018); P\u00e1rroco en <em>solidum de Sainte-Croix<\/em> en Narbonnais y Miembro del Consejo Episcopal de la Di\u00f3cesis de Carcassonne et Narbonne (2007-2018); Vicario Episcopal para Narbonnais-Corbi\u00e8res, Delegado para los nuevos movimientos de espiritualidad y para el Di\u00e1logo Interreligioso (2012-2018). Desde 2018, es Guardi\u00e1n del Convento Saint-Maximilien Kolbe. El 13 de junio de 2021 fue ordenado Obispo en la Catedral de Santa Mar\u00eda de la Asunci\u00f3n de Ajaccio.<\/p>\n<p style=\"text-align: right;\">Oficina de Comunicaciones.<\/p>\n<p><a href=\"https:\/\/ofmconv.net\/wp-content\/uploads\/2023\/07\/bustillo-02.jpg\"><img loading=\"lazy\" decoding=\"async\" class=\"aligncenter size-full wp-image-57332\" src=\"https:\/\/ofmconv.net\/wp-content\/uploads\/2023\/07\/bustillo-02.jpg\" alt=\"Fra Fran\u00e7ois-Xavier BUSTILLO\" width=\"1200\" height=\"800\" srcset=\"https:\/\/www.ofmconv.net\/wp-content\/uploads\/2023\/07\/bustillo-02.jpg 1200w, https:\/\/www.ofmconv.net\/wp-content\/uploads\/2023\/07\/bustillo-02-300x200.jpg 300w, https:\/\/www.ofmconv.net\/wp-content\/uploads\/2023\/07\/bustillo-02-1024x683.jpg 1024w, https:\/\/www.ofmconv.net\/wp-content\/uploads\/2023\/07\/bustillo-02-768x512.jpg 768w, https:\/\/www.ofmconv.net\/wp-content\/uploads\/2023\/07\/bustillo-02-696x464.jpg 696w, https:\/\/www.ofmconv.net\/wp-content\/uploads\/2023\/07\/bustillo-02-1068x712.jpg 1068w, https:\/\/www.ofmconv.net\/wp-content\/uploads\/2023\/07\/bustillo-02-630x420.jpg 630w\" sizes=\"auto, (max-width: 1200px) 100vw, 1200px\" \/><\/a><\/p>\n","protected":false},"excerpt":{"rendered":"<p>El domingo 09 de julio de 2023, en el \u00c1ngelus, el Papa Francisco anunci\u00f3 el pr\u00f3ximo Consistorio, que se celebrar\u00e1 el 30 de septiembre y ver\u00e1 la creaci\u00f3n de 21 nuevos Cardenales, entre ellos nuestro hermano Fray Fran\u00e7ois-Xavier BUSTILLO Obispo de Ajaccio, C\u00f3rcega &#8211; Francia. Fray Fran\u00e7ois naci\u00f3 el 23 de noviembre de 1968 en [&hellip;]<\/p>\n","protected":false},"author":1,"featured_media":57343,"comment_status":"closed","ping_status":"open","sticky":false,"template":"","format":"standard","meta":{"ngg_post_thumbnail":0,"footnotes":""},"categories":[150,146],"tags":[2516],"class_list":["post-57347","post","type-post","status-publish","format-standard","has-post-thumbnail","category-noticias","category-ufficio-comunicazioni-es","tag-francois-xavier-bustillo-es"],"_links":{"self":[{"href":"https:\/\/www.ofmconv.net\/es\/wp-json\/wp\/v2\/posts\/57347","targetHints":{"allow":["GET"]}}],"collection":[{"href":"https:\/\/www.ofmconv.net\/es\/wp-json\/wp\/v2\/posts"}],"about":[{"href":"https:\/\/www.ofmconv.net\/es\/wp-json\/wp\/v2\/types\/post"}],"author":[{"embeddable":true,"href":"https:\/\/www.ofmconv.net\/es\/wp-json\/wp\/v2\/users\/1"}],"replies":[{"embeddable":true,"href":"https:\/\/www.ofmconv.net\/es\/wp-json\/wp\/v2\/comments?post=57347"}],"version-history":[{"count":0,"href":"https:\/\/www.ofmconv.net\/es\/wp-json\/wp\/v2\/posts\/57347\/revisions"}],"wp:featuredmedia":[{"embeddable":true,"href":"https:\/\/www.ofmconv.net\/es\/wp-json\/wp\/v2\/media\/57343"}],"wp:attachment":[{"href":"https:\/\/www.ofmconv.net\/es\/wp-json\/wp\/v2\/media?parent=57347"}],"wp:term":[{"taxonomy":"category","embeddable":true,"href":"https:\/\/www.ofmconv.net\/es\/wp-json\/wp\/v2\/categories?post=57347"},{"taxonomy":"post_tag","embeddable":true,"href":"https:\/\/www.ofmconv.net\/es\/wp-json\/wp\/v2\/tags?post=57347"}],"curies":[{"name":"wp","href":"https:\/\/api.w.org\/{rel}","templated":true}]}}