{"id":57600,"date":"2023-07-17T13:03:38","date_gmt":"2023-07-17T11:03:38","guid":{"rendered":"https:\/\/ofmconv.net\/argentina-incontro-mirefalc\/"},"modified":"2023-07-17T13:08:41","modified_gmt":"2023-07-17T11:08:41","slug":"argentina-incontro-mirefalc","status":"publish","type":"post","link":"https:\/\/www.ofmconv.net\/es\/argentina-incontro-mirefalc\/","title":{"rendered":"Argentina: encuentro del MiReFALC"},"content":{"rendered":"<p><strong>El <em>Ministerio de reflexi\u00f3n de la Federaci\u00f3n Am\u00e9rica Latina Conventuales<\/em> (MiReFALC), es una iniciativa de los Hermanos Menores Conventuales de Am\u00e9rica latina, que inscritos en la rica tradici\u00f3n intelectual de la Orden quiere ofrecer una iluminaci\u00f3n a las realidades y necesidades de la \u00e9poca concreta.<\/strong><\/p>\n<p>Desde el a\u00f1o 2007, MiReFALC ha tenido como prop\u00f3sito ofrecer a los hermanos de Am\u00e9rica Latina el resultado de sus encuentros mediante textos escritos que reflejan no s\u00f3lo el pensamiento individual de los que participan en este grupo, sino tambi\u00e9n el di\u00e1logo que ilumina, corrige y empuja a tener una nueva y m\u00e1s completa visi\u00f3n de las cosas. Estos encuentros se han condensado en varias publicaciones de la revista \u201cDECIRES\u201d, que circul\u00f3 de forma impresa y digital hasta el a\u00f1o 2016.<br \/>\nAtendiendo al llamado de la Federaci\u00f3n (FALC), del 10 al 14 de julio de 2023 se reunieron en Buenos Aires \u2013 Argentina, en la sede de la Curia provincial de la Provincia Rioplatense de San Antonio de Padua en Argentina y Uruguay: Fray Marcos A. QUESADA NAVARRO (Costa Rica), Fray Jacek LISOWSKI (Per\u00fa), Fray Elio ROJAS (Argentina), Fray Rub\u00e9n MART\u00cdNEZ HERN\u00c1NDEZ (M\u00e9xico) Fray Arnaldo C. ROCHA (Brasil), Fray Jair del Cristo CONTRERAS L\u00c1ZARO (Colombia) y Fray Sidifredo de la Cruz CHAPARRO GUALDR\u00d3N, Presidente de la federaci\u00f3n. El Aisitente FALC Fray Rog\u00e9rio PEREIRA XAVIER particip\u00f3 v\u00eda online. El d\u00eda 9 de julio el Ministro general Fray Carlos A. TROVARELLI, realiz\u00f3 una breve visita para saludar a los participantes y dar algunas sugerencias para retomar los trabajos del Ministerio.<br \/>\nMiReFALC quiere seguir siendo un aporte significativo para la federaci\u00f3n y la Orden; este encuentro, despu\u00e9s 4 a\u00f1os sin realizaci\u00f3n, ten\u00eda como objetivo establecer un cronograma de actividades y definir el enfoque y metodolog\u00eda que se usar\u00e1. Es deseo del equipo de trabajo ofrecer los espacios y recursos para favorecer reflexiones profundas y significativas, y para lograrlo se contar\u00e1 con hermanos de la Federaci\u00f3n preparados en distintos campos del saber y algunos invitados externos, cuyos aportes podr\u00e1n enriquecer este Ministerio.<br \/>\nDestacamos la fraternal acogida de la Provincia de San Antonio de Padua en Argentina y Uruguay en cabeza de Fray Javier FONTANA (Ministro provincial) y de todos los hermanos que han hecho posible la realizaci\u00f3n del encuentro.<\/p>\n<p style=\"text-align: right;\">Fray Sidifredo de la Cruz CHAPARRO GUALDR\u00d3N<\/p>\nngg_shortcode_0_placeholder\n","protected":false},"excerpt":{"rendered":"<p>El Ministerio de reflexi\u00f3n de la Federaci\u00f3n Am\u00e9rica Latina Conventuales (MiReFALC), es una iniciativa de los Hermanos Menores Conventuales de Am\u00e9rica latina, que inscritos en la rica tradici\u00f3n intelectual de la Orden quiere ofrecer una iluminaci\u00f3n a las realidades y necesidades de la \u00e9poca concreta. Desde el a\u00f1o 2007, MiReFALC ha tenido como prop\u00f3sito ofrecer [&hellip;]<\/p>\n","protected":false},"author":1,"featured_media":57596,"comment_status":"closed","ping_status":"open","sticky":false,"template":"","format":"standard","meta":{"ngg_post_thumbnail":0,"footnotes":""},"categories":[109,133,150],"tags":[1892,2520],"class_list":["post-57600","post","type-post","status-publish","format-standard","has-post-thumbnail","category-falc-es","category-federaciones","category-noticias","tag-argentina-es","tag-mirefalc-es"],"_links":{"self":[{"href":"https:\/\/www.ofmconv.net\/es\/wp-json\/wp\/v2\/posts\/57600","targetHints":{"allow":["GET"]}}],"collection":[{"href":"https:\/\/www.ofmconv.net\/es\/wp-json\/wp\/v2\/posts"}],"about":[{"href":"https:\/\/www.ofmconv.net\/es\/wp-json\/wp\/v2\/types\/post"}],"author":[{"embeddable":true,"href":"https:\/\/www.ofmconv.net\/es\/wp-json\/wp\/v2\/users\/1"}],"replies":[{"embeddable":true,"href":"https:\/\/www.ofmconv.net\/es\/wp-json\/wp\/v2\/comments?post=57600"}],"version-history":[{"count":0,"href":"https:\/\/www.ofmconv.net\/es\/wp-json\/wp\/v2\/posts\/57600\/revisions"}],"wp:featuredmedia":[{"embeddable":true,"href":"https:\/\/www.ofmconv.net\/es\/wp-json\/wp\/v2\/media\/57596"}],"wp:attachment":[{"href":"https:\/\/www.ofmconv.net\/es\/wp-json\/wp\/v2\/media?parent=57600"}],"wp:term":[{"taxonomy":"category","embeddable":true,"href":"https:\/\/www.ofmconv.net\/es\/wp-json\/wp\/v2\/categories?post=57600"},{"taxonomy":"post_tag","embeddable":true,"href":"https:\/\/www.ofmconv.net\/es\/wp-json\/wp\/v2\/tags?post=57600"}],"curies":[{"name":"wp","href":"https:\/\/api.w.org\/{rel}","templated":true}]}}