{"id":57763,"date":"2023-07-19T13:56:55","date_gmt":"2023-07-19T11:56:55","guid":{"rendered":"https:\/\/ofmconv.net\/custodia-provinciale-doriente-e-di-terra-santa-verso-una-terza-presenza-in-turchia\/"},"modified":"2023-07-19T14:06:54","modified_gmt":"2023-07-19T12:06:54","slug":"custodia-provinciale-doriente-e-di-terra-santa-verso-una-terza-presenza-in-turchia","status":"publish","type":"post","link":"https:\/\/www.ofmconv.net\/es\/custodia-provinciale-doriente-e-di-terra-santa-verso-una-terza-presenza-in-turchia\/","title":{"rendered":"Custodia provincial de Oriente y Tierra Santa: hacia una tercera presencia en Turqu\u00eda"},"content":{"rendered":"<p><strong>Del 7 al 14 de julio de 2023, la Comisi\u00f3n formada por el Custodio provincial, Fray Anton BULAI, el Ministro de la Provincia de San Jos\u00e9 Esposo de la B.V.M. de Ruman\u00eda Fray Damian G. P\u0102TRA\u0218CU, el Vicario general Fray Jan MACIEJOWSKI, el Asistente general FIMP (Federazione Intermediterranea Ministri Provinciali) Fray Giovanni VOLTAN, asistidos por el Ec\u00f3nomo custodial y Definidor Fray Julian PI\u015eTA, se reunieron en el Convento de la Natividad de la Bienaventurada Virgen Mar\u00eda de B\u00fcy\u00fckdere, en Estambul, para discutir juntos las peticiones recibidas de dos Obispos para una nueva presencia OFMConv en Turqu\u00eda.<\/strong><\/p>\n<p>Las peticiones oficiales de los Obispos llegan, como una fuerte provocaci\u00f3n, en el momento oportuno (esperamos que sea un kair\u00f3s) precisamente porque la Custodia en su Plan Cuatrienal (2022-26) pidi\u00f3 la posibilidad de abrir un nuevo Convento tanto en Turqu\u00eda como en el L\u00edbano (Moci\u00f3n 1, Cap\u00edtulo Custodial 2022: &#8220;una visi\u00f3n de futuro que pueda fomentar el esp\u00edritu misionero, la itinerancia y nuevas formas de apostolado&#8221;). Concretamente, pasando a la primera petici\u00f3n, el Vicario Apost\u00f3lico de Estambul, Mons. Maximilian PALINURO, desea nuestra presencia en la gran ciudad de Bursa (tiene m\u00e1s de tres millones de habitantes, la cuarta despu\u00e9s de Estambul, Ankara y Esmirna o Izmir) a 160 kil\u00f3metros de Estambul. En Bursa, la presencia de los cat\u00f3licos podr\u00eda crecer a\u00fan m\u00e1s si fuera acompa\u00f1ada por una comunidad franciscana capaz de di\u00e1logo ecum\u00e9nico (con protestantes y ortodoxos) e interreligioso. Ser\u00eda una nueva fundaci\u00f3n en todos los sentidos.<br \/>\nLuego, est\u00e1 la petici\u00f3n de nuestro hermano Mons. Martin KMETEK, Arzobispo Metropolitano de Esmirna y Presidente de la CET (Conferencia Episcopal Turca): volver a la Parroquia-Convento de Santa Elena de Kar\u015fiyaka, en la antigua ciudad de Esmirna (la tercera ciudad turca con m\u00e1s de cuatro millones de habitantes), lugar que dejaron nuestros hermanos en 2014. Tras la discusi\u00f3n, y el encuentro primero con Mons. PALINURO y luego con Mons. KMETEK, la Comisi\u00f3n se desplaz\u00f3 a los dos lugares, Bursa e Izmir, para ver directamente los posibles Conventos, escuchando las posibilidades y criticidades (pastorales, log\u00edsticas, econ\u00f3micas) de cada uno de los lugares.<br \/>\nTantos kil\u00f3metros con la oportunidad de algunas paradas realmente emocionantes. No lejos de Bursa, la visita a Nicea (hoy Iznik), sede del primer Concilio (325), del <em>S\u00edmbolo Apost\u00f3lico<\/em>, que se rez\u00f3 con emoci\u00f3n donde estuvo la bas\u00edlica, hoy sumergida por un lago, pero visible desde la orilla en sus restos: los cimientos, su per\u00edmetro. No lejos de Esmirna, \u00c9feso: visita a la casa de Mar\u00eda Madre del Se\u00f1or, con una buena acogida por los capuchinos, y oraci\u00f3n ante la tumba del evangelista Juan, en el silencio surrealista de una bas\u00edlica grandiosa, ahora abierta al cielo porque fue arrasada por un gran terremoto. De regreso, en direcci\u00f3n a Estambul, parada en P\u00e9rgamo, otra de las iglesias del Apocalipsis, y Troya, para refrescar algunas reminiscencias hom\u00e9ricas y visitar la antigua ciudad de la que quedan nada menos que nueve niveles, que han vuelto a ver la luz gracias a la tenacidad y pericia de los arque\u00f3logos anglo-alemanes desde el siglo XIX. Siempre da que pensar que de las siete iglesias del Apocalipsis y otras en esta cuna de la Iglesia apost\u00f3lica, s\u00f3lo queden piedras y ruinas, gloriosas s\u00ed, registro arqueol\u00f3gico en algunos sitios, pero ruinas al fin y al cabo. Algunas de estas piedras, sin embargo, siguen vivas: una minor\u00eda de cristianos que viven con valent\u00eda su fe en esta tierra.<br \/>\nAl final de la visita, la Comisi\u00f3n intent\u00f3 hacer balance y tomar una direcci\u00f3n, escuchando al Definitorio custodial para ver c\u00f3mo continuar el itinerario de discernimiento. Si la Custodia, ateni\u00e9ndose a lo que ha escrito en su Proyecto, acepta esta novedad, la Provincia Madre Rumana y la Orden no pueden sino bendecir y acompa\u00f1ar esta decisi\u00f3n. Podremos entonces responder a los dos Obispos solicitantes, indicando nuestra elecci\u00f3n. Sea como sea, no ser\u00e1 f\u00e1cil: basta pensar en el problema de los documentos, en la delicadeza del momento pol\u00edtico del pa\u00eds, as\u00ed como en la dificultad de encontrar (y\/o liberar) hermanos que deseen jug\u00e1rsela por esta nueva aventura. Al un\u00edsono, los dos obispos dijeron: \u00a1Os pedimos un acto de valor y de fe! Al final, tambi\u00e9n aqu\u00ed, y quiz\u00e1s sobre todo aqu\u00ed, lo que m\u00e1s se necesita (San Pablo lo ense\u00f1a) es la pasi\u00f3n por el Evangelio dentro de un proyecto fraterno claro y bien trazado. Que el Se\u00f1or, la Bienaventurada Virgen Mar\u00eda que, encomendada al disc\u00edpulo amado, se qued\u00f3 en \u00c9feso, los santos evangelizadores de esta bendita tierra de la Iglesia: Juan, Pablo, Policarpo y tantos otros que han testimoniado con su sangre la fe en Cristo, \u00a1bendigan e intercedan!<\/p>\n<p style=\"text-align: right;\">Fray Giovanni VOLTAN.<\/p>\nngg_shortcode_0_placeholder\n","protected":false},"excerpt":{"rendered":"<p>Del 7 al 14 de julio de 2023, la Comisi\u00f3n formada por el Custodio provincial, Fray Anton BULAI, el Ministro de la Provincia de San Jos\u00e9 Esposo de la B.V.M. de Ruman\u00eda Fray Damian G. P\u0102TRA\u0218CU, el Vicario general Fray Jan MACIEJOWSKI, el Asistente general FIMP (Federazione Intermediterranea Ministri Provinciali) Fray Giovanni VOLTAN, asistidos por [&hellip;]<\/p>\n","protected":false},"author":1,"featured_media":57759,"comment_status":"closed","ping_status":"open","sticky":false,"template":"","format":"standard","meta":{"ngg_post_thumbnail":0,"footnotes":""},"categories":[133,116,150],"tags":[559,1352],"class_list":["post-57763","post","type-post","status-publish","format-standard","has-post-thumbnail","category-federaciones","category-fimp-es","category-noticias","tag-oriente-y-tierra-santa","tag-turquia"],"_links":{"self":[{"href":"https:\/\/www.ofmconv.net\/es\/wp-json\/wp\/v2\/posts\/57763","targetHints":{"allow":["GET"]}}],"collection":[{"href":"https:\/\/www.ofmconv.net\/es\/wp-json\/wp\/v2\/posts"}],"about":[{"href":"https:\/\/www.ofmconv.net\/es\/wp-json\/wp\/v2\/types\/post"}],"author":[{"embeddable":true,"href":"https:\/\/www.ofmconv.net\/es\/wp-json\/wp\/v2\/users\/1"}],"replies":[{"embeddable":true,"href":"https:\/\/www.ofmconv.net\/es\/wp-json\/wp\/v2\/comments?post=57763"}],"version-history":[{"count":0,"href":"https:\/\/www.ofmconv.net\/es\/wp-json\/wp\/v2\/posts\/57763\/revisions"}],"wp:featuredmedia":[{"embeddable":true,"href":"https:\/\/www.ofmconv.net\/es\/wp-json\/wp\/v2\/media\/57759"}],"wp:attachment":[{"href":"https:\/\/www.ofmconv.net\/es\/wp-json\/wp\/v2\/media?parent=57763"}],"wp:term":[{"taxonomy":"category","embeddable":true,"href":"https:\/\/www.ofmconv.net\/es\/wp-json\/wp\/v2\/categories?post=57763"},{"taxonomy":"post_tag","embeddable":true,"href":"https:\/\/www.ofmconv.net\/es\/wp-json\/wp\/v2\/tags?post=57763"}],"curies":[{"name":"wp","href":"https:\/\/api.w.org\/{rel}","templated":true}]}}