{"id":57838,"date":"2023-07-21T13:01:50","date_gmt":"2023-07-21T11:01:50","guid":{"rendered":"https:\/\/ofmconv.net\/kenya-ii-capitolo-provinciale-ordinario-parte-i\/"},"modified":"2023-07-21T15:12:01","modified_gmt":"2023-07-21T13:12:01","slug":"kenya-ii-capitolo-provinciale-ordinario-parte-i","status":"publish","type":"post","link":"https:\/\/www.ofmconv.net\/es\/kenya-ii-capitolo-provinciale-ordinario-parte-i\/","title":{"rendered":"Kenia: II Cap\u00edtulo provincial ordinario &#8211; Parte I"},"content":{"rendered":"<p><strong>Del 16 al 23 de julio de 2023, la Provincia de San Francisco de As\u00eds en Kenia celebr\u00f3 su segundo Cap\u00edtulo provincial ordinario en la Aldea de Mar\u00eda, Santuario Madre de Dios, en Subukia.<\/strong><\/p>\n<p>El Cap\u00edtulo fue presidido por el Ministro general, Fray Carlos TROVARELLI; tambi\u00e9n estuvo presente el Asistente general de la African Federation of Conventual Franciscans (AFCOF), Fray Anthony Bezo KUTIERO. Participaron todos los Profesos solemnes de la Provincia, a excepci\u00f3n de Fray Aquinas Mutunga MUTUA y Fray Peter Mwema KYALO, que se encontraban en Italia estudiando. Tambi\u00e9n estuvo presente el Ministro de la Provincia de San Buenaventura de EE.UU., Fray Paul LANGEVIN, debido a los estrechos lazos con Kenia. Tambi\u00e9n estuvieron presentes el Ministro de la Provincia Madre de San Maximiliano M. Kolbe de Polonia (Gdansk), Fray Wojciech KULIG (sin derecho a voto) y Fray Robert KOZIELSKI, de la oficina de misiones de la misma Provincia.<br \/>\nEl Cap\u00edtulo fue precedido por una introducci\u00f3n espiritual dirigida por Fray Paul LANGEVIN, quien exhort\u00f3 a los hermanos a imitar la humildad de San Francisco. Durante la primera sesi\u00f3n del Cap\u00edtulo se leyeron informes sobre las actividades pastorales. En la segunda sesi\u00f3n, los hermanos debatieron los temas prescritos en el nuevo Directorio para la celebraci\u00f3n de los Cap\u00edtulos. A continuaci\u00f3n, se prepar\u00f3 una s\u00edntesis, que el Definitorio provincial utilizar\u00e1 para el Proyecto Provincial Cuatrienal (PPC) durante la segunda parte del Cap\u00edtulo.<br \/>\nEl 19 de julio de 2023, durante la tercera sesi\u00f3n, Fray Hilary Omondi RADUK fue elegido Ministro provincial (1er mandato); jur\u00f3 el cargo el 20 de julio, durante la Misa presidida por Mons. Cleophas Oseso TUKA Obispo de Nakuru &#8211; Kenia.<br \/>\nEn la cuarta sesi\u00f3n fueron elegidos los Definidores: Fray Joseph Kikuyu MUNGUTI (Vicario provincial), Fray Paul Njuguna KIARIE (Secretario provincial), Fray Kazimierz SZULC y Fray Gifton Kiwo MBAYA.<br \/>\nEl Cap\u00edtulo concluy\u00f3 con la bendici\u00f3n de San Francisco de As\u00eds por el Ministro general y un himno mariano.<\/p>\n<p style=\"text-align: right;\">Fray Paul Njuguna KIARIE, Secretario capitular y provincial.<\/p>\nngg_shortcode_0_placeholder\n","protected":false},"excerpt":{"rendered":"<p>Del 16 al 23 de julio de 2023, la Provincia de San Francisco de As\u00eds en Kenia celebr\u00f3 su segundo Cap\u00edtulo provincial ordinario en la Aldea de Mar\u00eda, Santuario Madre de Dios, en Subukia. El Cap\u00edtulo fue presidido por el Ministro general, Fray Carlos TROVARELLI; tambi\u00e9n estuvo presente el Asistente general de la African Federation [&hellip;]<\/p>\n","protected":false},"author":1,"featured_media":57834,"comment_status":"closed","ping_status":"open","sticky":false,"template":"","format":"standard","meta":{"ngg_post_thumbnail":0,"footnotes":""},"categories":[99,133,150],"tags":[634,198,1158,1794],"class_list":["post-57838","post","type-post","status-publish","format-standard","has-post-thumbnail","category-afcof-es","category-federaciones","category-noticias","tag-capitolo-es","tag-capitulo","tag-kenia-es","tag-kenya-es"],"_links":{"self":[{"href":"https:\/\/www.ofmconv.net\/es\/wp-json\/wp\/v2\/posts\/57838","targetHints":{"allow":["GET"]}}],"collection":[{"href":"https:\/\/www.ofmconv.net\/es\/wp-json\/wp\/v2\/posts"}],"about":[{"href":"https:\/\/www.ofmconv.net\/es\/wp-json\/wp\/v2\/types\/post"}],"author":[{"embeddable":true,"href":"https:\/\/www.ofmconv.net\/es\/wp-json\/wp\/v2\/users\/1"}],"replies":[{"embeddable":true,"href":"https:\/\/www.ofmconv.net\/es\/wp-json\/wp\/v2\/comments?post=57838"}],"version-history":[{"count":0,"href":"https:\/\/www.ofmconv.net\/es\/wp-json\/wp\/v2\/posts\/57838\/revisions"}],"wp:featuredmedia":[{"embeddable":true,"href":"https:\/\/www.ofmconv.net\/es\/wp-json\/wp\/v2\/media\/57834"}],"wp:attachment":[{"href":"https:\/\/www.ofmconv.net\/es\/wp-json\/wp\/v2\/media?parent=57838"}],"wp:term":[{"taxonomy":"category","embeddable":true,"href":"https:\/\/www.ofmconv.net\/es\/wp-json\/wp\/v2\/categories?post=57838"},{"taxonomy":"post_tag","embeddable":true,"href":"https:\/\/www.ofmconv.net\/es\/wp-json\/wp\/v2\/tags?post=57838"}],"curies":[{"name":"wp","href":"https:\/\/api.w.org\/{rel}","templated":true}]}}