{"id":58464,"date":"2023-08-30T13:51:54","date_gmt":"2023-08-30T11:51:54","guid":{"rendered":"https:\/\/ofmconv.net\/i-giovani-della-sicilia-per-la-cura-del-creato\/"},"modified":"2023-08-30T14:01:49","modified_gmt":"2023-08-30T12:01:49","slug":"i-giovani-della-sicilia-per-la-cura-del-creato","status":"publish","type":"post","link":"https:\/\/www.ofmconv.net\/es\/i-giovani-della-sicilia-per-la-cura-del-creato\/","title":{"rendered":"J\u00f3venes de Sicilia por el cuidado de la creaci\u00f3n"},"content":{"rendered":"<p><strong>Los j\u00f3venes del C\u00edrculo <em>Laudato Si&#8217;<\/em> del Movimiento Juvenil Franciscano, volvieron a proponer en Marineo (Palermo) el pasado 31 de julio de 2023, el evento &#8220;La Carta, unidos por nuestra madre tierra&#8221; con el objetivo de sensibilizar a la ciudadan\u00eda sobre las cuestiones medioambientales y el cuidado de nuestra casa com\u00fan.<\/strong><\/p>\n<p>Promovido por los hermanos del Convento local, el 8 de mayo de 2023 se organiz\u00f3 una primera edici\u00f3n con m\u00e1s de un centenar de participantes, entre los que se encontraban el alcalde y otros representantes de la administraci\u00f3n civil y de asociaciones eclesiales y franciscanas. En aquella ocasi\u00f3n, hubo una petici\u00f3n un\u00e1nime de volver a proponer el evento en verano a un p\u00fablico m\u00e1s amplio de participantes. De hecho, a esta segunda edici\u00f3n asistieron m\u00e1s de trescientas personas, en el espl\u00e9ndido marco del Palacio del siglo XVI.<br \/>\nToda Sicilia, y en particular el \u00e1rea metropolitana de Palermo, de la que forma parte Marineo, sufri\u00f3 en julio de 2023, junto con una fuerte subida de las temperaturas que superaron los 47\u00b0, la devastaci\u00f3n causada por numerosos incendios, que adem\u00e1s del entorno forestal redujeron a cenizas una hist\u00f3rica iglesia franciscana del siglo XV en la que se conservaban los restos de dos santos franciscanos: San Benito de San Fratello (conocido como &#8220;el Moro&#8221;) y el Beato Obispo Mateo de Agrigento. Esto sucedi\u00f3 mientras tormentas extremas y granizadas azotaban y pon\u00edan de rodillas vastas zonas del norte de Italia.<br \/>\nLas noticias y la experiencia directa de las consecuencias del cambio clim\u00e1tico que est\u00e1n afectando a toda la cuenca mediterr\u00e1nea est\u00e1n despertando el inter\u00e9s de la gente por las cuestiones medioambientales que afectan ahora a zonas del planeta que hasta hace poco se cre\u00edan casi inmunes al cambio clim\u00e1tico y a la deforestaci\u00f3n, a pesar de las alarmas lanzadas por la comunidad cient\u00edfica hace alg\u00fan tiempo.<br \/>\nQuiz\u00e1 tambi\u00e9n por este motivo, el compromiso de los j\u00f3venes del Movimiento Juvenil Franciscano, apoyado por los hermanos de la Provincia de las Santas \u00c1gueda y Luc\u00eda en Italia (Sicilia) y de la Custodia provincial de los Santos Daniel y Compa\u00f1eros M\u00e1rtires en Italia (Calabria), est\u00e1 aumentando las peticiones de actos de sensibilizaci\u00f3n en otras ciudades, por parte de asociaciones y comunidades locales. En los pr\u00f3ximos meses, de hecho, ya est\u00e1n previstos otros cuatro eventos en otras tantas ciudades de la isla. En particular, se est\u00e1n planificando otras iniciativas con j\u00f3venes de escuelas y asociaciones eclesiales, con los que el Movimiento Juvenil Franciscano pretende establecer relaciones a partir de su particular sensibilidad por las cuestiones relacionadas con la protecci\u00f3n del medio ambiente. Adem\u00e1s de estos eventos de sensibilizaci\u00f3n, se est\u00e1n programando iniciativas de limpieza de pl\u00e1sticos y otros residuos, y de plantaci\u00f3n de \u00e1rboles en algunas zonas afectadas por incendios, como se hizo el 1 de mayo de 2023 en el Oasis franciscano de Pergusa (Enna). Ocasiones, \u00e9stas, para tender puentes de fraternidad entre los j\u00f3venes en nombre de nuestra hermana madre tierra.<\/p>\n<p style=\"text-align: right;\">Los j\u00f3venes del C\u00edrculo <em>Laudato Si\u2019.<\/em><\/p>\nngg_shortcode_0_placeholder\n","protected":false},"excerpt":{"rendered":"<p>Los j\u00f3venes del C\u00edrculo Laudato Si&#8217; del Movimiento Juvenil Franciscano, volvieron a proponer en Marineo (Palermo) el pasado 31 de julio de 2023, el evento &#8220;La Carta, unidos por nuestra madre tierra&#8221; con el objetivo de sensibilizar a la ciudadan\u00eda sobre las cuestiones medioambientales y el cuidado de nuestra casa com\u00fan. Promovido por los hermanos [&hellip;]<\/p>\n","protected":false},"author":1,"featured_media":58460,"comment_status":"closed","ping_status":"open","sticky":false,"template":"","format":"standard","meta":{"ngg_post_thumbnail":0,"footnotes":""},"categories":[133,116,150],"tags":[1913,1174],"class_list":["post-58464","post","type-post","status-publish","format-standard","has-post-thumbnail","category-federaciones","category-fimp-es","category-noticias","tag-italia-sicilia-es","tag-jovenes"],"_links":{"self":[{"href":"https:\/\/www.ofmconv.net\/es\/wp-json\/wp\/v2\/posts\/58464","targetHints":{"allow":["GET"]}}],"collection":[{"href":"https:\/\/www.ofmconv.net\/es\/wp-json\/wp\/v2\/posts"}],"about":[{"href":"https:\/\/www.ofmconv.net\/es\/wp-json\/wp\/v2\/types\/post"}],"author":[{"embeddable":true,"href":"https:\/\/www.ofmconv.net\/es\/wp-json\/wp\/v2\/users\/1"}],"replies":[{"embeddable":true,"href":"https:\/\/www.ofmconv.net\/es\/wp-json\/wp\/v2\/comments?post=58464"}],"version-history":[{"count":0,"href":"https:\/\/www.ofmconv.net\/es\/wp-json\/wp\/v2\/posts\/58464\/revisions"}],"wp:featuredmedia":[{"embeddable":true,"href":"https:\/\/www.ofmconv.net\/es\/wp-json\/wp\/v2\/media\/58460"}],"wp:attachment":[{"href":"https:\/\/www.ofmconv.net\/es\/wp-json\/wp\/v2\/media?parent=58464"}],"wp:term":[{"taxonomy":"category","embeddable":true,"href":"https:\/\/www.ofmconv.net\/es\/wp-json\/wp\/v2\/categories?post=58464"},{"taxonomy":"post_tag","embeddable":true,"href":"https:\/\/www.ofmconv.net\/es\/wp-json\/wp\/v2\/tags?post=58464"}],"curies":[{"name":"wp","href":"https:\/\/api.w.org\/{rel}","templated":true}]}}