{"id":59863,"date":"2023-07-04T13:33:13","date_gmt":"2023-07-04T11:33:13","guid":{"rendered":"https:\/\/ofmconv.net\/sicilia-dedicazione-del-santuario-diocesano-maria-ss-delle-grazie\/"},"modified":"2023-10-04T13:47:56","modified_gmt":"2023-10-04T11:47:56","slug":"sicilia-dedicazione-del-santuario-diocesano-maria-ss-delle-grazie","status":"publish","type":"post","link":"https:\/\/www.ofmconv.net\/es\/sicilia-dedicazione-del-santuario-diocesano-maria-ss-delle-grazie\/","title":{"rendered":"Sicilia: dedicaci\u00f3n del Santuario diocesano \u201cMaria Sma. de las Gracias\u201d"},"content":{"rendered":"<p><strong>El s\u00e1bado 1 de julio de 2023, v\u00edspera de la fiesta de Nuestra Se\u00f1ora de las Gracias, el Arzobispo de Agrigento, Monse\u00f1or Alessandro DAMIANO presidi\u00f3 la consagraci\u00f3n del Altar y la dedicaci\u00f3n del Santuario de Montevago, en presencia de numerosos fieles, las autoridades civiles y militares, el Ministro de la Provincia de las Santas \u00c1gueda y Luc\u00eda en Italia (Sicilia) Fray Gaspare LA BARBERA, los hermanos de Sicilia y Calabria, junto con los sacerdotes diocesanos.<\/strong><\/p>\n<p>No es f\u00e1cil poner por escrito las emociones vividas en lo que se puede definir como un &#8220;d\u00eda de gracia&#8221;, no s\u00f3lo para los hermanos, sino para todo el pueblo de los fieles de Montevago y S. Margherita di Belice, que tras unos 40 a\u00f1os de reconstrucci\u00f3n del Santuario (el anterior fue destruido por el catastr\u00f3fico terremoto de 1968 que asol\u00f3 todo el valle de Belice), vieron consagrado el altar y dedicado el Santuario a la <em>bedda Matri di li Grazi<\/em> (Hermosa Madre de las Gracias), a la que antiguas y nuevas generaciones han estado siempre unidas por sentimientos de fe y devoci\u00f3n.<br \/>\nUna verdadera gracia, tangible desde el pasado Adviento de 2022, cuando el Guardi\u00e1n Fra Luca M. GURRERA anunci\u00f3 que el Arzobispo de Agrigento visitar\u00eda Montevago y celebrar\u00eda el tan esperado rito.<br \/>\nDesde entonces, comenz\u00f3 el tiempo de los preparativos, que culminaron con la creaci\u00f3n de seis cruces de bronce colocadas en las paredes de la iglesia, que simbolizan el triunfo de Cristo, obra del hermano artista Fray Gesualdo VENTURA.<br \/>\nEn presencia de las delegaciones civiles y militares de Montevago y Santa Margherita di Belice, de los alcaldes Margherita LA ROCCA y Gaspare VIOLA con los administradores municipales, de los comandantes de los <em>Carabinieri<\/em> locales, de la Polic\u00eda Municipal y de la Guardia Forestal, y de todos los fieles, a las notas de la canci\u00f3n &#8220;Ave Stella del Mare&#8221; (Salve Estrella del Mar), Monse\u00f1or DAMIANO abri\u00f3 la procesi\u00f3n inicial.&nbsp;<br \/>\nUna celebraci\u00f3n compuesta y participada, en la que fueron muchas las miradas conmovidas dirigidas hacia el cuadro que representa a Nuestra Se\u00f1ora de las Gracias, as\u00ed como la alegr\u00eda en el momento en que el Obispo ungi\u00f3 el altar y las seis cruces murales con el sagrado Crisma, a lo que sigui\u00f3 la ofrenda de incienso y el encendido, por parte del Rector del Santuario, de las velas colocadas bajo las seis cruces.<br \/>\nAdem\u00e1s de ser un lugar de acogida t\u00edpicamente franciscano, el Santuario alberga tambi\u00e9n el <em>Centro Franciscano de Evangelizaci\u00f3n<\/em>, donde los frailes, junto con la comunidad de laicos del <em>Claustro Abierto<\/em>, se dedican diariamente a una serie de actividades y propuestas de evangelizaci\u00f3n para que ni\u00f1os, j\u00f3venes y adultos redescubran la importancia de Dios en sus vidas.<\/p>\n<p style=\"text-align: right;\">Fray Rosario TERRANOVA Secretario provincial.<\/p>\nngg_shortcode_0_placeholder\n","protected":false},"excerpt":{"rendered":"<p>El s\u00e1bado 1 de julio de 2023, v\u00edspera de la fiesta de Nuestra Se\u00f1ora de las Gracias, el Arzobispo de Agrigento, Monse\u00f1or Alessandro DAMIANO presidi\u00f3 la consagraci\u00f3n del Altar y la dedicaci\u00f3n del Santuario de Montevago, en presencia de numerosos fieles, las autoridades civiles y militares, el Ministro de la Provincia de las Santas \u00c1gueda [&hellip;]<\/p>\n","protected":false},"author":1,"featured_media":59859,"comment_status":"closed","ping_status":"open","sticky":false,"template":"","format":"standard","meta":{"ngg_post_thumbnail":0,"footnotes":""},"categories":[133,116,150],"tags":[1913],"class_list":["post-59863","post","type-post","status-publish","format-standard","has-post-thumbnail","category-federaciones","category-fimp-es","category-noticias","tag-italia-sicilia-es"],"_links":{"self":[{"href":"https:\/\/www.ofmconv.net\/es\/wp-json\/wp\/v2\/posts\/59863","targetHints":{"allow":["GET"]}}],"collection":[{"href":"https:\/\/www.ofmconv.net\/es\/wp-json\/wp\/v2\/posts"}],"about":[{"href":"https:\/\/www.ofmconv.net\/es\/wp-json\/wp\/v2\/types\/post"}],"author":[{"embeddable":true,"href":"https:\/\/www.ofmconv.net\/es\/wp-json\/wp\/v2\/users\/1"}],"replies":[{"embeddable":true,"href":"https:\/\/www.ofmconv.net\/es\/wp-json\/wp\/v2\/comments?post=59863"}],"version-history":[{"count":0,"href":"https:\/\/www.ofmconv.net\/es\/wp-json\/wp\/v2\/posts\/59863\/revisions"}],"wp:featuredmedia":[{"embeddable":true,"href":"https:\/\/www.ofmconv.net\/es\/wp-json\/wp\/v2\/media\/59859"}],"wp:attachment":[{"href":"https:\/\/www.ofmconv.net\/es\/wp-json\/wp\/v2\/media?parent=59863"}],"wp:term":[{"taxonomy":"category","embeddable":true,"href":"https:\/\/www.ofmconv.net\/es\/wp-json\/wp\/v2\/categories?post=59863"},{"taxonomy":"post_tag","embeddable":true,"href":"https:\/\/www.ofmconv.net\/es\/wp-json\/wp\/v2\/tags?post=59863"}],"curies":[{"name":"wp","href":"https:\/\/api.w.org\/{rel}","templated":true}]}}