{"id":60662,"date":"2023-10-30T12:41:57","date_gmt":"2023-10-30T11:41:57","guid":{"rendered":"https:\/\/ofmconv.net\/slovenia-capitolo-spirituale-2\/"},"modified":"2023-10-30T12:46:23","modified_gmt":"2023-10-30T11:46:23","slug":"slovenia-capitolo-spirituale-2","status":"publish","type":"post","link":"https:\/\/www.ofmconv.net\/es\/slovenia-capitolo-spirituale-2\/","title":{"rendered":"Eslovenia: Cap\u00edtulo espiritual"},"content":{"rendered":"<p><strong>Los d\u00edas 24 y 25 de octubre de 2023, los hermanos de la Provincia de San Jos\u00e9 en Eslovenia celebraron su Cap\u00edtulo espiritual en el convento de San Pedro y San Pablo de Ptuj sobre el tema &#8220;Nuestra llamada y las nuevas vocaciones&#8221;.<\/strong><\/p>\n<p>En su discurso, Fray \u0160tefan KO\u017dUH OFMCap anim\u00f3 a los hermanos a poner su relaci\u00f3n con Dios en el centro de su vida consagrada. En este sentido, es nuestra gran responsabilidad cultivar la oraci\u00f3n personal y comunitaria. La vida con Dios nunca es un proceso acabado. Es un paso de lo que soy a la plena conformaci\u00f3n en Jesucristo. S\u00f3lo as\u00ed puede suceder que un d\u00eda Jes\u00fas triunfe en m\u00ed. En este sentido, tenemos que decidir los &#8220;tiempos fuertes&#8221; de la semana, del mes y del a\u00f1o. San Francisco es un bello ejemplo para nosotros.<br \/>\nLa hermana \u0160tefka KLEMEN (Ursulinas) habl\u00f3 sobre la vocaci\u00f3n en su reflexi\u00f3n. En primer lugar, debemos vivir nuestra vocaci\u00f3n con alegr\u00eda, que siempre debe ser reavivada. S\u00f3lo entonces podemos y debemos decir a los dem\u00e1s que todos estamos llamados a diversos ministerios despu\u00e9s del bautismo, algunos de ellos a la vida religiosa y al sacerdocio. Los destinatarios necesitan ser acompa\u00f1ados, educados y formados.<br \/>\nFray Stjepan BR\u010cINA OFMConv present\u00f3 el apostolado que lleva a cabo entre los j\u00f3venes de Zagreb y de muchos otros lugares. Organiza un encuentro semanal que consiste en la celebraci\u00f3n de la Eucarist\u00eda, la catequesis, la adoraci\u00f3n y la posibilidad de confesarse. Muchos j\u00f3venes participan activamente en estos encuentros, y algunos de ellos responden a la llamada de Dios y deciden emprender el camino de la vida religiosa y el sacerdocio.<br \/>\nEl Cap\u00edtulo espiritual fortaleci\u00f3 los lazos fraternos, reaviv\u00f3 la alegr\u00eda ante la llamada del Se\u00f1or y alent\u00f3 la esperanza; el Se\u00f1or conceder\u00e1 nuevas vocaciones si somos coherentes en nuestra vida y perseverantes en la oraci\u00f3n.<\/p>\n<p style=\"text-align: right;\">Fray Milan KOS, Ministro provincial<\/p>\nngg_shortcode_0_placeholder\n","protected":false},"excerpt":{"rendered":"<p>Los d\u00edas 24 y 25 de octubre de 2023, los hermanos de la Provincia de San Jos\u00e9 en Eslovenia celebraron su Cap\u00edtulo espiritual en el convento de San Pedro y San Pablo de Ptuj sobre el tema &#8220;Nuestra llamada y las nuevas vocaciones&#8221;. En su discurso, Fray \u0160tefan KO\u017dUH OFMCap anim\u00f3 a los hermanos a [&hellip;]<\/p>\n","protected":false},"author":1,"featured_media":60658,"comment_status":"closed","ping_status":"open","sticky":false,"template":"","format":"standard","meta":{"ngg_post_thumbnail":0,"footnotes":""},"categories":[102,133,150],"tags":[1051,672],"class_list":["post-60662","post","type-post","status-publish","format-standard","has-post-thumbnail","category-cef-es","category-federaciones","category-noticias","tag-capitulo-espiritual","tag-eslovenia"],"_links":{"self":[{"href":"https:\/\/www.ofmconv.net\/es\/wp-json\/wp\/v2\/posts\/60662","targetHints":{"allow":["GET"]}}],"collection":[{"href":"https:\/\/www.ofmconv.net\/es\/wp-json\/wp\/v2\/posts"}],"about":[{"href":"https:\/\/www.ofmconv.net\/es\/wp-json\/wp\/v2\/types\/post"}],"author":[{"embeddable":true,"href":"https:\/\/www.ofmconv.net\/es\/wp-json\/wp\/v2\/users\/1"}],"replies":[{"embeddable":true,"href":"https:\/\/www.ofmconv.net\/es\/wp-json\/wp\/v2\/comments?post=60662"}],"version-history":[{"count":0,"href":"https:\/\/www.ofmconv.net\/es\/wp-json\/wp\/v2\/posts\/60662\/revisions"}],"wp:featuredmedia":[{"embeddable":true,"href":"https:\/\/www.ofmconv.net\/es\/wp-json\/wp\/v2\/media\/60658"}],"wp:attachment":[{"href":"https:\/\/www.ofmconv.net\/es\/wp-json\/wp\/v2\/media?parent=60662"}],"wp:term":[{"taxonomy":"category","embeddable":true,"href":"https:\/\/www.ofmconv.net\/es\/wp-json\/wp\/v2\/categories?post=60662"},{"taxonomy":"post_tag","embeddable":true,"href":"https:\/\/www.ofmconv.net\/es\/wp-json\/wp\/v2\/tags?post=60662"}],"curies":[{"name":"wp","href":"https:\/\/api.w.org\/{rel}","templated":true}]}}