{"id":60789,"date":"2023-11-03T14:06:08","date_gmt":"2023-11-03T13:06:08","guid":{"rendered":"https:\/\/ofmconv.net\/servire-il-signore-amando-la-chiesa-intervista-al-card-francois-xavier-bustillo-ofmconv\/"},"modified":"2023-11-03T14:18:56","modified_gmt":"2023-11-03T13:18:56","slug":"servire-il-signore-amando-la-chiesa-intervista-al-card-francois-xavier-bustillo-ofmconv","status":"publish","type":"post","link":"https:\/\/www.ofmconv.net\/es\/servire-il-signore-amando-la-chiesa-intervista-al-card-francois-xavier-bustillo-ofmconv\/","title":{"rendered":"Servir al Se\u00f1or amando a la Iglesia"},"content":{"rendered":"<h3><strong>Entrevista con el Card. Fran\u00e7ois-Xavier Bustillo OFMConv<\/strong><\/h3>\n<p><strong>\u2013 Tras el <em>Angelus<\/em> del domingo 09 de julio de 2023 en la Plaza de San Pedro del Vaticano, el Papa Francisco anunci\u00f3 la lista de los nuevos Cardenales, que ser\u00edan creados en el Consistorio del s\u00e1bado 30 de septiembre de 2023. Entre los nombrados se encontraba un Hermano Menor Conventual, Obispo de Ajaccio en C\u00f3rcega (Francia), con quien tengo la oportunidad y el placer de dialogar.<br \/>\n<\/strong>\u2013 De hecho, fue un momento de sorpresa para m\u00ed. Me encontr\u00e9 nombrado Cardenal por voluntad del Santo Padre. Al recibir esta noticia, m\u00e1s all\u00e1 de las emociones y reacciones, me pareci\u00f3 correcta la actitud de confianza y serenidad. Un d\u00eda, en mi juventud, para la Profesi\u00f3n de los votos, dije &#8220;s\u00ed&#8221; al Se\u00f1or; hoy, en otra situaci\u00f3n eclesial, sigo diciendo &#8220;s\u00ed&#8221; al Se\u00f1or para la construcci\u00f3n del Reino.<\/p>\n<p><strong>\u2013 Eminencia, al inicio de este coloquio, quisiera pedirle a Usted que se &#8220;presente&#8221; a nuestros hermanos, especialmente a los que a\u00fan no le conocen, para ofrecer una pincelada de su vida, en particular de su experiencia como hermano franciscano.<br \/>\n<\/strong><strong>En primer lugar, quisiera preguntarle a Usted por el ambiente en el que madur\u00f3 su vocaci\u00f3n: su familia, una &#8220;peque\u00f1a Iglesia dom\u00e9stica&#8221; que form\u00f3 en Usted valores humanos y cristianos. \u00bfSiguen siendo \u00fatiles hoy los principios aprendidos en la familia? \u00bfVuelve a menudo con su memoria al hogar dom\u00e9stico?<br \/>\n<\/strong>\u2013 Nac\u00ed en el seno de una familia cat\u00f3lica en Navarra, Espa\u00f1a, cerca de la frontera con Francia. A los diez a\u00f1os ingres\u00e9 en el seminario menor, donde me form\u00e9 hasta mi madurez. En mi familia recib\u00ed los valores esenciales de la vida humana. Mis padres me animaron a descubrir la vida en el seminario y a valorar si era para m\u00ed. En esta etapa de mi vida, conocer a j\u00f3venes hermanos franciscanos alegres y audaces me estimul\u00f3 mucho. El testimonio de vida tiene un peso fundamental en la vida relacional.<\/p>\n<p><strong>\u2013 \u00bfCu\u00e1ndo y en qu\u00e9 contexto, Eminencia, descubri\u00f3 su vocaci\u00f3n religiosa y sacerdotal? \u00bfHubo alg\u00fan acontecimiento particular y decisivo? \u00bfPor qu\u00e9 su elecci\u00f3n se orient\u00f3 hacia los Conventuales?<br \/>\n<\/strong>\u2013 En mi camino no hubo signos espectaculares como los hubo para San Pablo. Viv\u00eda en disponibilidad a la voluntad del Se\u00f1or. La vida vocacional era lineal y sencilla. Para m\u00ed el encuentro con los hermanos fue un est\u00edmulo para continuar con los Conventuales. Me gustaba San Francisco por razones, dir\u00eda, un tanto po\u00e9ticas. Despu\u00e9s, el tiempo y la formaci\u00f3n inicial me dieron la posibilidad de descubrir un San Francisco s\u00f3lido, capaz de cambiar su vida y capaz de cambiar el rumbo de la vida de sus hermanos, por su radicalidad y coherencia evang\u00e9lica.<\/p>\n<p><strong>\u2013 \u00bfLas distintas etapas de su formaci\u00f3n religiosa le han enriquecido abri\u00e9ndole nuevos horizontes, hasta entonces desconocidos, contribuyendo a la preparaci\u00f3n de su futuro ministerio? Seg\u00fan su experiencia, \u00bfc\u00f3mo ve Usted la futura formaci\u00f3n para la vida franciscana?<br \/>\n<\/strong>\u2013 Despu\u00e9s del bachillerato me fui a Padua para el noviciado y la siguiente formaci\u00f3n franciscana y teol\u00f3gica. Para m\u00ed, Padua fue un buen momento para sentar las bases de mi vida religiosa. En Padua recib\u00ed los valores que dan solidez y estabilidad a la vida religiosa y franciscana.<br \/>\nHoy pienso que la formaci\u00f3n franciscana, y la formaci\u00f3n para la vida religiosa en general, debe tener una base acad\u00e9mica e intelectual, pero no puede limitarse s\u00f3lo al &#8220;saber&#8221;. Si en el origen de la vida franciscana s\u00f3lo est\u00e1 el &#8220;hacer&#8221; y el &#8220;saber&#8221;, no es suficiente. Creo que es necesaria la memoria de nuestra profesi\u00f3n religiosa. El d\u00eda de nuestro &#8220;s\u00ed&#8221; en la familia franciscana y en la Iglesia, ofrecimos nuestra vida. No se trata de una banalidad. Ofrecer la vida significa dar el tiempo, la energ\u00eda, el afecto, el conocimiento, todo por los dem\u00e1s. La l\u00f3gica del don es fecunda y abre los corazones.<\/p>\n<p><strong>\u2013 \u00bfQu\u00e9 es lo que m\u00e1s le fascin\u00f3 de la espiritualidad franciscana e influy\u00f3 en sus futuras decisiones?<br \/>\n<\/strong>\u2013 La libertad de san Francisco. Su itinerario vocacional est\u00e1 hecho de opciones radicales para evitar una vida tibia y mediocre. Desde que se desnuda ante su padre hasta su muerte, toda su vida es una b\u00fasqueda de autenticidad evang\u00e9lica. Francisco quiere vivir y no s\u00f3lo existir. Francisco no tiene miedo, el motor de su vida no es el miedo sino el amor. Por eso arriesga, ama, se entrega, perdona y se abandona. Su itinerario es un proceso de madurez espiritual sin t\u00e1cticas ni estrategias humanas, pero buscando siempre la voluntad de Dios.<\/p>\n<p><strong>\u2013 Eminencia, \u00bfa qu\u00e9 santos franciscanos se refiere Usted para su vida espiritual? \u00bfQu\u00e9 le atrae de ellos? \u00bfQu\u00e9 admira de sus vidas ejemplares?<br \/>\n<\/strong>\u2013 San Francisco, San Antonio, Santa Clara, San Buenaventura y San Maximiliano Kolbe son siempre modelos para m\u00ed. Por supuesto, me dir\u00e1n, no es muy original&#8230;. Pero estos santos encarnan la continuidad del carisma franciscano. El padre Kolbe siempre me ha fascinado por su libertad y su valent\u00eda. En Auschwitz, en un mundo duro y oscuro, con su elecci\u00f3n de dar la vida por el otro, Kolbe escribi\u00f3 una p\u00e1gina luminosa en aquel campo infernal. \u00abLa luz brilla en las tinieblas\u00bb (<em>Jn<\/em> 1,5).<\/p>\n<p><strong>\u2013 Eminencia, \u00bfc\u00f3mo valora su ministerio sacerdotal antes de su nombramiento episcopal? En su opini\u00f3n, \u00bfen qu\u00e9 consiste la belleza de la misi\u00f3n del sacerdote? En su itinerario vocacional, \u00bfha habido decepciones o des\u00e1nimos? En el mundo actual, que parece perder cada vez m\u00e1s su identidad cristiana, \u00bfc\u00f3mo afronta la crisis del sacerdocio ministerial?<br \/>\n<\/strong>\u2013 Para m\u00ed, \u00a1la vida religiosa es la vida! En nuestra vida hay momentos felices y otros m\u00e1s dif\u00edciles, es normal, a\u00fan no estamos en el Para\u00edso. En mi camino como hermano, sacerdote y Obispo, la fuerza motriz que siempre me ha animado ha sido el don de m\u00ed mismo. En una sociedad en la que es f\u00e1cil tomar y poseer, elegimos dar y darnos. La tentaci\u00f3n, incluso para los hermanos, es encontrar un espacio c\u00f3modo para sacar provecho de la vida y estar bien. Nuestra opci\u00f3n no es s\u00f3lo &#8220;estar bien&#8221;, sino &#8220;hacer el bien&#8221;. En mi opini\u00f3n, hoy es prof\u00e9tico vivir este desprendimiento &#8220;de uno mismo&#8221; para llegar a la madurez &#8220;del nosotros&#8221;.<br \/>\nLas crisis del mundo y de la Iglesia, son momentos excepcionales para encontrar nuevos caminos en Dios, y en su Esp\u00edritu creador. Francisco, en un mundo complejo, da su respuesta con su vida. A menudo nos quejamos de las dificultades y frenamos nuestro entusiasmo, en lugar de encontrar respuestas evang\u00e9licas a la sed de Dios de nuestro mundo.<\/p>\n<p><strong>\u2013 En su escudo episcopal, Usted eligi\u00f3 el lema: <em>In ipso vita erat<\/em> (<em>En \u00e9l estaba la vida<\/em>: <em>Gv<\/em> 1,4), y en la imagen conmemorativa, con ocasi\u00f3n de su consagraci\u00f3n episcopal, una frase tomada de los <em>Escritos<\/em> de San Francisco de As\u00eds: \u201cY gu\u00e1rdense de manifestarse externamente tristes e hip\u00f3critas sombr\u00edos; manifi\u00e9stense, por el contrario, gozosos en el Se\u00f1or, y alegres y convenientemente amables\u201d (<em>Regla no bulada<\/em> VII, 16). \u00bfEn qu\u00e9 medida estas palabras -vida en el Se\u00f1or, alegr\u00eda en el Se\u00f1or- determinan su programa pastoral y la orientaci\u00f3n de las actividades de evangelizaci\u00f3n en su Di\u00f3cesis?<br \/>\n<\/strong>\u2013 Estas palabras no son s\u00f3lo el resultado del protocolo t\u00edpico de los Obispos. Estas palabras son para m\u00ed vida y fuerza. Estas palabras encarnan un ideal para tener sentido en un mundo que busca una br\u00fajula existencial. La vida y la alegr\u00eda impulsan a actuar con esperanza. El mundo anuncia muchas muertes: la naturaleza, los sistemas pol\u00edticos y econ\u00f3micos, la Iglesia&#8230; Pero nosotros nacemos de la tumba de Jes\u00fas. De un lugar de muerte surge el c\u00e1ntico de la vida: \u00a1aleluya! Nuestra vocaci\u00f3n no es ser ingenuos, sino profetas de esperanza. La fe abre a la esperanza. El que cree espera, el que espera vive con alegr\u00eda.<\/p>\n<p><strong>\u2013 \u00bfEn qu\u00e9 circunstancias, Eminencia, se enter\u00f3 del nombramiento como Cardenal? \u00bfCon qu\u00e9 esp\u00edritu acept\u00f3 la llamada a este nuevo servicio en la Iglesia por el bien de la humanidad? \u00bfQu\u00e9 pensamientos le acompa\u00f1aron durante la celebraci\u00f3n del Consistorio? \u00bfEn qu\u00e9 medida le ser\u00e1 \u00fatil el carisma franciscano en el ejercicio de sus funciones como Cardenal?<br \/>\n<\/strong>\u2013 Como he dicho, el nombramiento fue una sorpresa. En este estado de vida quiero seguir sirviendo al Se\u00f1or amando a la Iglesia. Un franciscano Cardenal aporta su herencia espiritual y su experiencia. Al vivir la celebraci\u00f3n del 30 de septiembre, sent\u00ed una gran paz y serenidad. Me dej\u00e9 llevar por las palabras y los gestos de la celebraci\u00f3n. En efecto, como tantas celebraciones lit\u00fargicas, el Consistorio fue para m\u00ed un momento de fecundidad. La Iglesia genera nuevos Cardenales no para prestigio personal, sino para el bien de la Iglesia. Un Cardenal franciscano ofrece su colaboraci\u00f3n a la Iglesia, con su vida, para reparar lo que de malo hay en el mundo, partiendo del Evangelio, amando a los hermanos y viviendo la pobreza y la sencillez.<\/p>\n<p><strong>\u2013 \u00bfQu\u00e9 mensaje le gustar\u00eda ofrecer a toda la Orden?<br \/>\n<\/strong>\u2013 A la familia franciscana conventual le dir\u00eda, con sencillez, que busque nuevos caminos para no avanzar s\u00f3lo por inercia, al estilo de lo que siempre se ha hecho. A veces en la Iglesia hay mucha gesti\u00f3n (necesaria) pero poca visi\u00f3n (urgente). No olvidemos el sue\u00f1o de Francisco en Espoleto y el sue\u00f1o del Papa con Francisco apoyando a la Iglesia. La Orden tiene un patrimonio humano y espiritual excepcional, hay personas \u00fanicas, traemos sal a la tierra para redescubrir el gusto por la vida, la alegr\u00eda de vivir. El mundo tiene sed de Dios.<\/p>\n<p><strong>\u2013 <\/strong><strong>Muchas gracias por su disponibilidad para esta entrevista. Deseo de todo coraz\u00f3n que la misi\u00f3n que le ha sido confiada se renueve constantemente por la fuerza del Esp\u00edritu Santo, sostenida por la intercesi\u00f3n de la Virgen Inmaculada y de nuestro ser\u00e1fico Padre san Francisco, dando abundantes frutos en la Iglesia.<\/strong><\/p>\n<p style=\"text-align: right;\">Roma, Convento Santos XII Ap\u00f3stoles, 3 de octubre de 2023<br \/>\nEntrevistador: Fray S\u0142awomir Gajda OFMConv<\/p>\n<hr>\n<p>El <strong>Cardenal Fran\u00e7ois-Xavier BUSTILLO OFMConv<\/strong> naci\u00f3 el 23 de noviembre de 1968 en Pamplona (Espa\u00f1a). Ingres\u00f3 en el Seminario Menor de Bazt\u00e1n (Navarra) e inici\u00f3 su postulantado OFMConv en Padua (Italia), donde complet\u00f3 sus estudios filos\u00f3ficos y teol\u00f3gicos en el Instituto Teol\u00f3gico San Antonio Doctor, licenci\u00e1ndose en Teolog\u00eda en el Instituto Cat\u00f3lico de Toulouse en 1997. Hizo la Profesi\u00f3n simple el 12 de septiembre de 1987 y la Profesi\u00f3n solemne el 20 de septiembre de 1992; fue ordenado sacerdote el 10 de septiembre de 1994. Ha desempe\u00f1ado los siguientes cargos: Guardi\u00e1n de Narbona (2002-2018); P\u00e1rroco de San Buenaventura en Narbona (2002-2017); Custodio provincial de la Custodia de San Buenaventura en Francia y B\u00e9lgica (2006-2018); P\u00e1rroco <em>in solidum<\/em> de Santa Cruz en Narbonnais y Miembro del Consejo Episcopal de la Di\u00f3cesis de Carcasona y Narbona (2007-2018); Vicario Episcopal para Narbonnais-Corbi\u00e8res, Delegado para los nuevos movimientos de espiritualidad y para el di\u00e1logo interreligioso (2012-2018). Desde 2018 hasta su nombramiento como Obispo, fue Guardi\u00e1n del Convento de San Maximiliano Kolbe de Lourdes, Delegado Episcopal para el Santuario de Lourdes y para la protecci\u00f3n de menores y desde 2020 Miembro del Consejo Episcopal de la Di\u00f3cesis de Tarbes et Lourdes. El 11 de mayo de 2021, el Papa Francisco lo nombr\u00f3 Obispo de Ajaccio y fue consagrado el 13 de junio de 2021 en la Catedral de Ajaccio, y como lema episcopal eligi\u00f3 las palabras <em>In ipso vita erat<\/em> (<em>En \u00e9l estaba la vida: Jn<\/em> 1,4). El 30 de septiembre de 2023, el Papa Francisco lo cre\u00f3 Cardenal y le asign\u00f3 la titularidad de Santa Mar\u00eda Inmaculada de Lourdes, en el barrio de la Boccea de Roma. El 4 de octubre de 2023, lo cont\u00f3 entre los miembros del Dicasterio para el Clero.<\/p>\n","protected":false},"excerpt":{"rendered":"<p>Entrevista con el Card. Fran\u00e7ois-Xavier Bustillo OFMConv \u2013 Tras el Angelus del domingo 09 de julio de 2023 en la Plaza de San Pedro del Vaticano, el Papa Francisco anunci\u00f3 la lista de los nuevos Cardenales, que ser\u00edan creados en el Consistorio del s\u00e1bado 30 de septiembre de 2023. Entre los nombrados se encontraba un [&hellip;]<\/p>\n","protected":false},"author":1,"featured_media":60783,"comment_status":"closed","ping_status":"open","sticky":false,"template":"","format":"standard","meta":{"ngg_post_thumbnail":0,"footnotes":""},"categories":[150,146],"tags":[2516],"class_list":["post-60789","post","type-post","status-publish","format-standard","has-post-thumbnail","category-noticias","category-ufficio-comunicazioni-es","tag-francois-xavier-bustillo-es"],"_links":{"self":[{"href":"https:\/\/www.ofmconv.net\/es\/wp-json\/wp\/v2\/posts\/60789","targetHints":{"allow":["GET"]}}],"collection":[{"href":"https:\/\/www.ofmconv.net\/es\/wp-json\/wp\/v2\/posts"}],"about":[{"href":"https:\/\/www.ofmconv.net\/es\/wp-json\/wp\/v2\/types\/post"}],"author":[{"embeddable":true,"href":"https:\/\/www.ofmconv.net\/es\/wp-json\/wp\/v2\/users\/1"}],"replies":[{"embeddable":true,"href":"https:\/\/www.ofmconv.net\/es\/wp-json\/wp\/v2\/comments?post=60789"}],"version-history":[{"count":0,"href":"https:\/\/www.ofmconv.net\/es\/wp-json\/wp\/v2\/posts\/60789\/revisions"}],"wp:featuredmedia":[{"embeddable":true,"href":"https:\/\/www.ofmconv.net\/es\/wp-json\/wp\/v2\/media\/60783"}],"wp:attachment":[{"href":"https:\/\/www.ofmconv.net\/es\/wp-json\/wp\/v2\/media?parent=60789"}],"wp:term":[{"taxonomy":"category","embeddable":true,"href":"https:\/\/www.ofmconv.net\/es\/wp-json\/wp\/v2\/categories?post=60789"},{"taxonomy":"post_tag","embeddable":true,"href":"https:\/\/www.ofmconv.net\/es\/wp-json\/wp\/v2\/tags?post=60789"}],"curies":[{"name":"wp","href":"https:\/\/api.w.org\/{rel}","templated":true}]}}