{"id":62506,"date":"2023-12-13T12:49:59","date_gmt":"2023-12-13T11:49:59","guid":{"rendered":"https:\/\/ofmconv.net\/roma-incontro-dei-missionari-italiani-alla-farnesina-ambasciatori-di-pace-nel-mondo\/"},"modified":"2023-12-13T12:55:03","modified_gmt":"2023-12-13T11:55:03","slug":"roma-incontro-dei-missionari-italiani-alla-farnesina-ambasciatori-di-pace-nel-mondo","status":"publish","type":"post","link":"https:\/\/www.ofmconv.net\/es\/roma-incontro-dei-missionari-italiani-alla-farnesina-ambasciatori-di-pace-nel-mondo\/","title":{"rendered":"Roma: encuentro de misioneros italianos en \u201cFarnesina\u201d, embajadores de la paz en el mundo"},"content":{"rendered":"<p><strong>El jueves 7 de diciembre de 2023, se celebr\u00f3 en el Ministerio de Asuntos Exteriores (conocido como \u201cFarnesina\u201d por su sede en Roma) un encuentro hist\u00f3rico de misioneros italianos, por iniciativa del Ministro de Asuntos Exteriores y Vicepresidente del Consejo de Ministros Antonio TAJANI. En representaci\u00f3n de los franciscanos, el Centro Misionero de la FIMP (Federazione Intermediterranea Ministri Provinciali) particip\u00f3 por invitaci\u00f3n del Ministerio.<\/strong><\/p>\n<p>El encuentro estuvo cargado de significado por la importancia del tema &#8220;Al Centro, la Persona&#8221;, enfocado por los testimonios de los diversos misioneros representantes de Asociaciones y \u00d3rdenes Religiosas masculinas y femeninas: Salesianos, Jesuitas, Franciscanos, Combonianos, Scalabrinianos, PIME, Camilianos, etc. Durante la jornada se conectaron por videoconferencia misioneros de Mongolia, Kenia, Camer\u00fan, Ben\u00edn y Congo.<br \/>\nEl acto se abri\u00f3 con un mensaje del Papa Francisco, que dio las gracias al Ministerio de Asuntos Exteriores y a &#8220;todos los misioneros que han elegido entregar su vida a Cristo en el servicio particular a los hermanos m\u00e1s pobres y necesitados&#8221;.<br \/>\nA continuaci\u00f3n tuvo lugar la c\u00e1lida intervenci\u00f3n del Ministro de Asuntos Exteriores TAJANI, quien subray\u00f3 &#8220;que los misioneros son nuestros embajadores de paz en el mundo y tienen una visi\u00f3n no puramente inmanente, sino trascendente, y operan en los contextos m\u00e1s diversos y dif\u00edciles del mundo. Debemos estarles agradecidos, y sabemos que muchos sacerdotes y monjas son asesinados simplemente por ser cristianos. Los misioneros italianos representan a nuestro pa\u00eds, portadores de una lengua y de una pol\u00edtica exterior entendida como servicio y no como manejo del poder&#8221;. Adem\u00e1s, el Ministro anunci\u00f3 que se har\u00e1 portavoz ante las 128 embajadas y los 80 consulados italianos, para que mantengan siempre abiertas sus puertas a las numerosas necesidades de los misioneros.<br \/>\nEl Ministro de Asuntos Exteriores de la Santa Sede, Mons. Paul Richard GALLAGHER, se\u00f1al\u00f3 c\u00f3mo los misioneros se hacen pr\u00f3jimos &#8220;con la esperanza de que de los peque\u00f1os gestos pueda nacer algo cada vez m\u00e1s grande, trabajando en fraternidad y promoviendo la justicia&#8221;.<br \/>\nDurante las tres sesiones tem\u00e1ticas dedicadas a la alimentaci\u00f3n y la agricultura, la educaci\u00f3n y la formaci\u00f3n profesional, y la pastoral penitenciaria y de la infancia, los oradores se alternaron entre Mons. Domenico POMPILI, Obispo de Verona, el padre comboniano Giulio ALBANESE y Marco IMPAGLIAZZO, Presidente de la Comunidad de <em>Sant&#8217;Egidio.<\/em> Se record\u00f3 que en los a\u00f1os 80 hab\u00eda 20.000 misioneros y hoy son 6.000, de los cuales 300 son <em>Fidei donum<\/em>. Por otra parte, el Secretario general de la Pontificia Uni\u00f3n Misional, Fray Dinh Anh Nhue NGUY\u1ec4N OFMConv, ilustr\u00f3 el camino de la Uni\u00f3n, que da prioridad a la formaci\u00f3n de animadores misioneros en las di\u00f3cesis del mundo, y tambi\u00e9n el papel de la <em>Agencia Fides<\/em> y de las <em>Obras Pontificias de la Santa Infancia<\/em>.<br \/>\nEl Director del Centro Misionero, Fray Paolo FIASCONARO, habl\u00f3 a los medios de comunicaci\u00f3n (RAI y TV2000) del crecimiento cualitativo de las Misiones OFMConv presentes en 40 pa\u00edses del mundo y que siguen la invitaci\u00f3n del <em>Poverello<\/em>: &#8220;los hermanos vayan por el mundo anunciando el Evangelio con sencillez y alegr\u00eda en minoridad y fraternidad&#8221;.<br \/>\nLa jornada concluy\u00f3 con las intervenciones del Director de la Unidad de Crisis de Farnesina, Nicola MINASI, que subray\u00f3 que los misioneros son los primeros interlocutores privilegiados de la Unidad de Crisis, y del Secretario general del Ministerio de Asuntos Exteriores, Riccardo GUARIGLIA, que dio las gracias a los misioneros italianos en el mundo y anunci\u00f3 que el encuentro con los misioneros se celebrar\u00e1 anualmente.<\/p>\n<p style=\"text-align: right;\">Fray Paolo FIASCONARO, Director del Centro Misionero Franciscano<\/p>\nngg_shortcode_0_placeholder\n","protected":false},"excerpt":{"rendered":"<p>El jueves 7 de diciembre de 2023, se celebr\u00f3 en el Ministerio de Asuntos Exteriores (conocido como \u201cFarnesina\u201d por su sede en Roma) un encuentro hist\u00f3rico de misioneros italianos, por iniciativa del Ministro de Asuntos Exteriores y Vicepresidente del Consejo de Ministros Antonio TAJANI. En representaci\u00f3n de los franciscanos, el Centro Misionero de la FIMP [&hellip;]<\/p>\n","protected":false},"author":1,"featured_media":62502,"comment_status":"closed","ping_status":"open","sticky":false,"template":"","format":"standard","meta":{"ngg_post_thumbnail":0,"footnotes":""},"categories":[133,116,150],"tags":[817],"class_list":["post-62506","post","type-post","status-publish","format-standard","has-post-thumbnail","category-federaciones","category-fimp-es","category-noticias","tag-centro-misionero"],"_links":{"self":[{"href":"https:\/\/www.ofmconv.net\/es\/wp-json\/wp\/v2\/posts\/62506","targetHints":{"allow":["GET"]}}],"collection":[{"href":"https:\/\/www.ofmconv.net\/es\/wp-json\/wp\/v2\/posts"}],"about":[{"href":"https:\/\/www.ofmconv.net\/es\/wp-json\/wp\/v2\/types\/post"}],"author":[{"embeddable":true,"href":"https:\/\/www.ofmconv.net\/es\/wp-json\/wp\/v2\/users\/1"}],"replies":[{"embeddable":true,"href":"https:\/\/www.ofmconv.net\/es\/wp-json\/wp\/v2\/comments?post=62506"}],"version-history":[{"count":0,"href":"https:\/\/www.ofmconv.net\/es\/wp-json\/wp\/v2\/posts\/62506\/revisions"}],"wp:featuredmedia":[{"embeddable":true,"href":"https:\/\/www.ofmconv.net\/es\/wp-json\/wp\/v2\/media\/62502"}],"wp:attachment":[{"href":"https:\/\/www.ofmconv.net\/es\/wp-json\/wp\/v2\/media?parent=62506"}],"wp:term":[{"taxonomy":"category","embeddable":true,"href":"https:\/\/www.ofmconv.net\/es\/wp-json\/wp\/v2\/categories?post=62506"},{"taxonomy":"post_tag","embeddable":true,"href":"https:\/\/www.ofmconv.net\/es\/wp-json\/wp\/v2\/tags?post=62506"}],"curies":[{"name":"wp","href":"https:\/\/api.w.org\/{rel}","templated":true}]}}