{"id":63131,"date":"2024-01-10T13:30:00","date_gmt":"2024-01-10T12:30:00","guid":{"rendered":"https:\/\/ofmconv.net\/25-di-ordinazione-presbiterale-di-fra-giorgio-tassone\/"},"modified":"2024-01-10T13:34:48","modified_gmt":"2024-01-10T12:34:48","slug":"25-di-ordinazione-presbiterale-di-fra-giorgio-tassone","status":"publish","type":"post","link":"https:\/\/www.ofmconv.net\/es\/25-di-ordinazione-presbiterale-di-fra-giorgio-tassone\/","title":{"rendered":"25\u00b0 de Ordenaci\u00f3n presbiteral de Fray Giorgio TASSONE"},"content":{"rendered":"<p><strong>El martes 2 de enero de 2024, la iglesia parroquial &#8220;Nuestra Se\u00f1ora del Rosario&#8221; de Palmi (Calabria) celebr\u00f3 el 25\u00ba aniversario de sacerdocio de su pastor, Fray Giorgio TASSONE, que ha estado al frente de la parroquia durante 16 a\u00f1os y hasta el pasado mes de agosto fue el \u00faltimo Custodio de la ya suprimida Custodia de Calabria.<\/strong><\/p>\n<p>Las numerosas comunidades parroquiales acogieron calurosamente a S.E. el Card. Mauro GAMBETTI OFMConv Vicario general de Su Santidad para la Ciudad del Vaticano, que vino para la ocasi\u00f3n a oficiar la Celebraci\u00f3n Eucar\u00edstica. El Cardenal agradeci\u00f3 la acogida al Obispo de la Di\u00f3cesis de Oppido Mamertina &#8211; Palmi, Monse\u00f1or Giuseppe ALBERTI, y salud\u00f3 a los hermanos de la nueva Provincia Italiana de la Inmaculada Concepci\u00f3n (Sicilia-Calabria) junto con el Ministro Provincial Fray Gaspare LA BARBERA.<br \/>\nEl Card. GAMBETTI alab\u00f3 y agradeci\u00f3 al Se\u00f1or los dones del Sacerdocio, recibidos por Fray Giorgio el 02 de enero de 1999 en la Iglesia de &#8220;San Giovanni Therestis&#8221; en Stilo, donde fue ordenado sacerdote por la imposici\u00f3n de manos de Mons. Giancarlo BREGANTINI. \u201c<em>Fray Giorgio\u201d<\/em>, cuyo car\u00e1cter genuino y esp\u00edritu de compartir Su Eminencia ensalz\u00f3, \u201c<em>ha mantenido lazos en Amantea, Catanzaro, y estamos aqu\u00ed reunidos en esta celebraci\u00f3n de \u00abcumplea\u00f1os\u00bb\u201d<\/em>, dijo el Cardenal. Lazos que llenaron de amigos la parroquia, de autoridades civiles y religiosas. Estaban presentes numerosos sacerdotes de la ciudad de Palmi y de la Di\u00f3cesis, as\u00ed como el Alcalde de Palmi Giuseppe RANUCCIO, el Comandante provincial de los Carabinieri de Reggio Calabria Gral. Cesario TOTARO, el General de los Carabinieri Raffaele FEDOCCI, el Coronel Gianluca MIGLIOZZI Comandante del N\u00facleo Operativo de Gioia Tauro, y otras autoridades. Tambi\u00e9n acompa\u00f1aron este momento la madre de Fray Giorgio y otros familiares.<br \/>\nEl Cardenal comparti\u00f3 con los fieles un pasaje de la carta que Fray Giorgio le escribi\u00f3 para invitarle a la ceremonia: <em>\u201cCiertamente no era plenamente consciente de lo que este don me reservaba. De grado en grado, paso a paso me di cuenta de su inestimable valor, m\u00e1s all\u00e1 de m\u00ed mismo, para los dem\u00e1s\u201d. <\/em>Fray Giorgio, en se\u00f1al de gratitud por su especial presencia, quiso regalar al Card. GAMBETTI un retrato del prelado realizado por el artista de Palmi Antonino NUCIFORA. Al final de la ceremonia, se celebr\u00f3 en el Centro para la Nueva Evangelizaci\u00f3n &#8220;Juan Pablo II&#8221; un momento de convivencia para una comunidad que, junto con su p\u00e1rroco, supo abrazar la alegr\u00eda y transformarla en un compartir mutuo.<\/p>\n<p style=\"text-align: right;\">Fray Rosario TERRANOVA, Secretario provincial.<\/p>\nngg_shortcode_0_placeholder\n","protected":false},"excerpt":{"rendered":"<p>El martes 2 de enero de 2024, la iglesia parroquial &#8220;Nuestra Se\u00f1ora del Rosario&#8221; de Palmi (Calabria) celebr\u00f3 el 25\u00ba aniversario de sacerdocio de su pastor, Fray Giorgio TASSONE, que ha estado al frente de la parroquia durante 16 a\u00f1os y hasta el pasado mes de agosto fue el \u00faltimo Custodio de la ya suprimida [&hellip;]<\/p>\n","protected":false},"author":1,"featured_media":63127,"comment_status":"closed","ping_status":"open","sticky":false,"template":"","format":"standard","meta":{"ngg_post_thumbnail":0,"footnotes":""},"categories":[133,116,150],"tags":[2577,1597],"class_list":["post-63131","post","type-post","status-publish","format-standard","has-post-thumbnail","category-federaciones","category-fimp-es","category-noticias","tag-fra-giorgio-tassone-es","tag-italia-calabria-es"],"_links":{"self":[{"href":"https:\/\/www.ofmconv.net\/es\/wp-json\/wp\/v2\/posts\/63131","targetHints":{"allow":["GET"]}}],"collection":[{"href":"https:\/\/www.ofmconv.net\/es\/wp-json\/wp\/v2\/posts"}],"about":[{"href":"https:\/\/www.ofmconv.net\/es\/wp-json\/wp\/v2\/types\/post"}],"author":[{"embeddable":true,"href":"https:\/\/www.ofmconv.net\/es\/wp-json\/wp\/v2\/users\/1"}],"replies":[{"embeddable":true,"href":"https:\/\/www.ofmconv.net\/es\/wp-json\/wp\/v2\/comments?post=63131"}],"version-history":[{"count":0,"href":"https:\/\/www.ofmconv.net\/es\/wp-json\/wp\/v2\/posts\/63131\/revisions"}],"wp:featuredmedia":[{"embeddable":true,"href":"https:\/\/www.ofmconv.net\/es\/wp-json\/wp\/v2\/media\/63127"}],"wp:attachment":[{"href":"https:\/\/www.ofmconv.net\/es\/wp-json\/wp\/v2\/media?parent=63131"}],"wp:term":[{"taxonomy":"category","embeddable":true,"href":"https:\/\/www.ofmconv.net\/es\/wp-json\/wp\/v2\/categories?post=63131"},{"taxonomy":"post_tag","embeddable":true,"href":"https:\/\/www.ofmconv.net\/es\/wp-json\/wp\/v2\/tags?post=63131"}],"curies":[{"name":"wp","href":"https:\/\/api.w.org\/{rel}","templated":true}]}}