{"id":6423,"date":"2018-05-18T16:01:37","date_gmt":"2018-05-18T15:01:37","guid":{"rendered":"https:\/\/ofmconv.net\/roma-centro-missionario-con-i-giovani-frati\/"},"modified":"2018-05-18T16:08:18","modified_gmt":"2018-05-18T15:08:18","slug":"roma-centro-missionario-con-i-giovani-frati","status":"publish","type":"post","link":"https:\/\/www.ofmconv.net\/es\/roma-centro-missionario-con-i-giovani-frati\/","title":{"rendered":"Roma: el Centro Misionero con los frailes j\u00f3venes"},"content":{"rendered":"<p><strong>El Centro Misionero, durante los meses de abril y mayo, en \u00e1mbito de animaci\u00f3n misionera, visit\u00f3 y se encontr\u00f3 con m\u00e1s de 100 j\u00f3venes de las Casas de formaci\u00f3n del \u00e1rea FIMP.<\/strong><\/p>\n<p>Los encuentros se realizaron sucesivamente: el 17 de abril en el Colegio internacional \u201cSeraphicum\u201d en Roma; el 24 de abril en el Noviciado del Sacro Convento y en el Pos noviciado del Franciscanum en As\u00eds; el 30 de abril en el Postulado de Osimo y el 3 de mayo con los frailes estudiantes en el convento \u201cLa Vi\u00f1a\u201d en Roma. Pr\u00f3ximamente se tendr\u00e1 un encuentro con las casas de formaci\u00f3n en Rumania, el postulantado de Brescia y el Pos noviciado de Padua (octubre-noviembre).<br \/>\nPara los j\u00f3venes ha sido como un empaparse de misionariedad\u2026 y para nosotros del Centro, una ocasi\u00f3n para hablar de animaci\u00f3n misionera, para dar a conocer de cerca la vida y las actividades del Centro FIMP, para informar sobre el trabajo que se realiza en el di\u00e1logo con los misioneros esparcidos en nuestras jurisdicciones, en 40 pa\u00edses del mundo. Adem\u00e1s, se les propuso el testimonio de la animaci\u00f3n misionera del Centro a orillas del T\u00edber, con la \u201cevangelizaci\u00f3n por las calles\u201d y la experiencia de algunos j\u00f3venes laicos de la Provincia italiana de San Antonio, los cuales han vivido un mes de animaci\u00f3n misionera en la tierra de los M\u00e1rtires del Per\u00fa.<br \/>\nSe revel\u00f3 mucho inter\u00e9s en los j\u00f3venes, a menudo alejados de nuestras realidades misioneras, mostrando el deseo de profundizar y sumergirse tambi\u00e9n ellos en una dimensi\u00f3n misionera convencida y compartida, con nuestros frailes esparcidos por el mundo.<br \/>\nHemos visto rostros de j\u00f3venes deseosos y apasionados del esp\u00edritu misionero, como lo quiere el Papa FRANCISCO. En uno de los seminarios se propuso construir un peque\u00f1o grupo de estudiantes (c\u00edrculo misionero), con la finalidad de mantener viva la animaci\u00f3n y el deseo de \u201cpartir\u201d una vez terminados los estudios. Los formandos han escuchado con inter\u00e9s al Director del Centro, Fray Paolo FIASCONARO, quien mantiene contacto peri\u00f3dico con los 11 Animadores misioneros de las Provincias y Custodias del \u00e1rea FIMP.<br \/>\nCada encuentro se concluy\u00f3 con la proyecci\u00f3n del film-documental realizado por el Centro Misionero, sobre la vida del hermano Fray Antonio SINIBALDI; una propuesta concreta de misionariedad y testimonio hasta el don de la vida, cuando en el 1987 durante un naufragio, salv\u00f3 a 17 j\u00f3venes de la parroquia San Luis en Brasil y, al final, agotado por la fatiga, muri\u00f3 sobre la playa. De este hermano misionero est\u00e1 en curso el proceso de Beatificaci\u00f3n en Brasil.<\/p>\n<p style=\"text-align: right;\">Fray Paolo FIASCONARO, Director del Centro Misionero<\/p>\nngg_shortcode_0_placeholder\n","protected":false},"excerpt":{"rendered":"<p>El Centro Misionero, durante los meses de abril y mayo, en \u00e1mbito de animaci\u00f3n misionera, visit\u00f3 y se encontr\u00f3 con m\u00e1s de 100 j\u00f3venes de las Casas de formaci\u00f3n del \u00e1rea FIMP. Los encuentros se realizaron sucesivamente: el 17 de abril en el Colegio internacional \u201cSeraphicum\u201d en Roma; el 24 de abril en el Noviciado [&hellip;]<\/p>\n","protected":false},"author":1,"featured_media":6415,"comment_status":"closed","ping_status":"open","sticky":false,"template":"","format":"standard","meta":{"ngg_post_thumbnail":0,"footnotes":""},"categories":[133,116,150],"tags":[817,690,349,338],"class_list":["post-6423","post","type-post","status-publish","format-standard","has-post-thumbnail","category-federaciones","category-fimp-es","category-noticias","tag-centro-misionero","tag-italia","tag-roma","tag-seraphicum-es"],"_links":{"self":[{"href":"https:\/\/www.ofmconv.net\/es\/wp-json\/wp\/v2\/posts\/6423","targetHints":{"allow":["GET"]}}],"collection":[{"href":"https:\/\/www.ofmconv.net\/es\/wp-json\/wp\/v2\/posts"}],"about":[{"href":"https:\/\/www.ofmconv.net\/es\/wp-json\/wp\/v2\/types\/post"}],"author":[{"embeddable":true,"href":"https:\/\/www.ofmconv.net\/es\/wp-json\/wp\/v2\/users\/1"}],"replies":[{"embeddable":true,"href":"https:\/\/www.ofmconv.net\/es\/wp-json\/wp\/v2\/comments?post=6423"}],"version-history":[{"count":0,"href":"https:\/\/www.ofmconv.net\/es\/wp-json\/wp\/v2\/posts\/6423\/revisions"}],"wp:featuredmedia":[{"embeddable":true,"href":"https:\/\/www.ofmconv.net\/es\/wp-json\/wp\/v2\/media\/6415"}],"wp:attachment":[{"href":"https:\/\/www.ofmconv.net\/es\/wp-json\/wp\/v2\/media?parent=6423"}],"wp:term":[{"taxonomy":"category","embeddable":true,"href":"https:\/\/www.ofmconv.net\/es\/wp-json\/wp\/v2\/categories?post=6423"},{"taxonomy":"post_tag","embeddable":true,"href":"https:\/\/www.ofmconv.net\/es\/wp-json\/wp\/v2\/tags?post=6423"}],"curies":[{"name":"wp","href":"https:\/\/api.w.org\/{rel}","templated":true}]}}