{"id":65387,"date":"2024-03-20T12:41:21","date_gmt":"2024-03-20T11:41:21","guid":{"rendered":"https:\/\/ofmconv.net\/animazione-del-centro-missionario-nelle-case-di-formazione-fimp\/"},"modified":"2024-03-20T12:49:39","modified_gmt":"2024-03-20T11:49:39","slug":"animazione-del-centro-missionario-nelle-case-di-formazione-fimp","status":"publish","type":"post","link":"https:\/\/www.ofmconv.net\/es\/animazione-del-centro-missionario-nelle-case-di-formazione-fimp\/","title":{"rendered":"Animaci\u00f3n del Centro misionero en las casas de formaci\u00f3n de la FIMP"},"content":{"rendered":"<p><strong>Los d\u00edas 12 y 14 de marzo de 2024 tuvieron lugar dos jornadas de animaci\u00f3n misionera por parte del Centro Misionero Franciscano de la FIMP (Federazione Intermediterranea Ministri Provinciali) con los postulantes de Nocera Inferiore y Osimo. Antes de estos encuentros, el 15 de febrero de 2024 en Roma, se propuso la misma formaci\u00f3n a los j\u00f3venes sacerdotes del Convento de San Antonio de las Termas \u2013 la Vi\u00f1a.<\/strong><\/p>\n<p>Durante los encuentros, el Director del Centro misionero Fray Paolo FIASCONARO invit\u00f3 a los j\u00f3venes a vivir la dimensi\u00f3n misionera en su formaci\u00f3n, que debe impregnar cada acci\u00f3n de la vida cotidiana y en su propia formaci\u00f3n.<br \/>\nPartiendo de la Exhortaci\u00f3n Apost\u00f3lica \u201cEvangelii Gaudium\u201d del Papa Francisco, que sue\u00f1a con una iglesia misionera en sus estructuras y organismos, los j\u00f3venes tambi\u00e9n est\u00e1n llamados a despertar en su propio camino la invitaci\u00f3n evang\u00e9lica de ser enviados al encuentro del hermano indigente y necesitado. Esta dimensi\u00f3n carism\u00e1tica la viven nuestros hermanos misioneros que dejaron su patria para llevar el Evangelio y aliviar el sufrimiento de tantas poblaciones necesitadas de ayuda material y espiritual.<br \/>\nTras un excursus hist\u00f3rico sobre el giro misionero de la Orden, que comenz\u00f3 en el siglo pasado con la apertura de la primera Misi\u00f3n en China en 1925 (el pr\u00f3ximo a\u00f1o cumplir\u00e1 100 a\u00f1os), continu\u00f3 en 1930 con el Padre KOLBE en Jap\u00f3n, en 1931 en Zambia con el Obispo Francesco MAZZIERI, hoy la Orden cuenta con 40 jurisdicciones misioneras en todo el mundo con 1.600 hermanos, 218 Conventos y 63 casas de formaci\u00f3n.<br \/>\nAdem\u00e1s, Fray Paolo ilustr\u00f3 la vida y las actividades que se promueven en el sector misionero a trav\u00e9s de los Animadores Misioneros en las diversas Provincias y Custodias, la ayuda concreta a los lugares de misi\u00f3n a trav\u00e9s de proyectos, adopciones a distancia y las numerosas solicitudes de ayuda que provienen de las diversas iniciativas de los misioneros: comedores populares, pozos, hospitales, orfanatos, escuelas y apoyo en las necesidades de la pastoral parroquial.<br \/>\nHubo muchas preguntas por parte de los j\u00f3venes y, sobre todo, en muchos naci\u00f3 el deseo de cultivar en su propio camino vocacional el sentido de un esp\u00edritu misionero concreto, con gestos y signos de compartir a trav\u00e9s de la oraci\u00f3n, la lectura de nuestros \u00f3rganos de comunicaci\u00f3n y una mayor apertura a la dimensi\u00f3n misionera en sus propias vidas.<br \/>\nAl final de los encuentros, se proyectaron tres v\u00eddeos que relataban: la experiencia misionera del Centro durante 9 a\u00f1os en verano a orillas del T\u00edber, la historia de la revista &#8220;Il Missionario Francescano&#8221; con 90 a\u00f1os de publicaci\u00f3n, y el documental sobre la conmovedora y edificante historia del misionero Fray Antonio SINIBALDI, que muri\u00f3 en 1987 en la playa de San Luis-Brasil, despu\u00e9s de haber salvado a 17 j\u00f3venes tras una ola gigante que hizo zozobrar la barca.<\/p>\n<p style=\"text-align: right;\">Fray Paolo FIASCONARO, Director del Centro misionero<\/p>\nngg_shortcode_0_placeholder\n","protected":false},"excerpt":{"rendered":"<p>Los d\u00edas 12 y 14 de marzo de 2024 tuvieron lugar dos jornadas de animaci\u00f3n misionera por parte del Centro Misionero Franciscano de la FIMP (Federazione Intermediterranea Ministri Provinciali) con los postulantes de Nocera Inferiore y Osimo. Antes de estos encuentros, el 15 de febrero de 2024 en Roma, se propuso la misma formaci\u00f3n a [&hellip;]<\/p>\n","protected":false},"author":1,"featured_media":65383,"comment_status":"closed","ping_status":"open","sticky":false,"template":"","format":"standard","meta":{"ngg_post_thumbnail":0,"footnotes":""},"categories":[133,116,150,136,128],"tags":[715,716,817],"class_list":["post-65387","post","type-post","status-publish","format-standard","has-post-thumbnail","category-federaciones","category-fimp-es","category-noticias","category-oficinas-generales","category-sgam-es","tag-animacion-misionera","tag-casas-de-formacion","tag-centro-misionero"],"_links":{"self":[{"href":"https:\/\/www.ofmconv.net\/es\/wp-json\/wp\/v2\/posts\/65387","targetHints":{"allow":["GET"]}}],"collection":[{"href":"https:\/\/www.ofmconv.net\/es\/wp-json\/wp\/v2\/posts"}],"about":[{"href":"https:\/\/www.ofmconv.net\/es\/wp-json\/wp\/v2\/types\/post"}],"author":[{"embeddable":true,"href":"https:\/\/www.ofmconv.net\/es\/wp-json\/wp\/v2\/users\/1"}],"replies":[{"embeddable":true,"href":"https:\/\/www.ofmconv.net\/es\/wp-json\/wp\/v2\/comments?post=65387"}],"version-history":[{"count":0,"href":"https:\/\/www.ofmconv.net\/es\/wp-json\/wp\/v2\/posts\/65387\/revisions"}],"wp:featuredmedia":[{"embeddable":true,"href":"https:\/\/www.ofmconv.net\/es\/wp-json\/wp\/v2\/media\/65383"}],"wp:attachment":[{"href":"https:\/\/www.ofmconv.net\/es\/wp-json\/wp\/v2\/media?parent=65387"}],"wp:term":[{"taxonomy":"category","embeddable":true,"href":"https:\/\/www.ofmconv.net\/es\/wp-json\/wp\/v2\/categories?post=65387"},{"taxonomy":"post_tag","embeddable":true,"href":"https:\/\/www.ofmconv.net\/es\/wp-json\/wp\/v2\/tags?post=65387"}],"curies":[{"name":"wp","href":"https:\/\/api.w.org\/{rel}","templated":true}]}}