{"id":65901,"date":"2024-04-03T13:22:24","date_gmt":"2024-04-03T11:22:24","guid":{"rendered":"https:\/\/ofmconv.net\/fra-martin-de-porres-maria-ward-prega-per-noi-come-noi-preghiamo-per-te\/"},"modified":"2024-04-03T13:49:10","modified_gmt":"2024-04-03T11:49:10","slug":"fra-martin-de-porres-maria-ward-prega-per-noi-come-noi-preghiamo-per-te","status":"publish","type":"post","link":"https:\/\/www.ofmconv.net\/es\/fra-martin-de-porres-maria-ward-prega-per-noi-come-noi-preghiamo-per-te\/","title":{"rendered":"Fray Mart\u00edn de Porres Mar\u00eda WARD \u00a1Ruega por nosotros, como nosotros rezamos por ti!"},"content":{"rendered":"<p><strong>El 22 de junio de 2024 se cumplen 25 a\u00f1os de la muerte de nuestro Hermano Fray Mart\u00edn de Porres Mar\u00eda WARD.<\/strong><\/p>\n<p>Fray Mart\u00edn naci\u00f3 el 20 de marzo de 1918 y falleci\u00f3 el 22 de junio de 1999. Fue la primera vocaci\u00f3n franciscana conventual afroamericana en Am\u00e9rica del Norte. Despu\u00e9s de sus estudios en los EE.UU. en el Seminario &#8220;St. Francis&#8221; en Staten Island, Nueva York, y en el Seminario Mayor &#8220;St. Anthony-on-Hudson&#8221; en Rensselaer, Nueva York, y despu\u00e9s de su ordenaci\u00f3n sacerdotal en 1955, parti\u00f3 con otros seis Hermanos para Brasil.<br \/>\nEn 2022, durante el \u00faltimo Cap\u00edtulo de la Provincia de Nuestra Se\u00f1ora de los \u00c1ngeles en los EE.UU., Fray Julian ZAMBANINI fue nombrado Vicepostulador de su Causa de Beatificaci\u00f3n, y se constituy\u00f3 una Comisi\u00f3n Hist\u00f3rica, compuesta por dos Hermanos estadounidenses: Fray James McCURRY y Fray Douglas McMILLAN, junto con cuatro Hermanos de la Custodia provincial de la Inmaculada Concepci\u00f3n de la Bienaventurada Virgen Mar\u00eda en Brasil: Fray Ronaldo GOMES DA SILVA, Fray Marcelo dos Santos SILVA, Fray Robson MALAFAIA BARCELLOS y Fray Carlos Roberto de Oliveira CHARLES. Este grupo est\u00e1 preparando un informe sobre la vida de Fray Mart\u00edn. Una vez que el Dicasterio para las Causas de los Santos haya aprobado la causa presentada por los Obispos de Brasil, el informe de la Comisi\u00f3n Hist\u00f3rica ser\u00e1 enviado a Roma para la redacci\u00f3n de la <em>Positio<\/em> final, es decir, el an\u00e1lisis en profundidad de los documentos que apoyan la causa. La <em>Positio<\/em> ser\u00e1 entregada al Dicasterio de las Causas de los Santos por los Obispos de Brasil y el Postulador general Fray Zdzis\u0142aw KIJAS. El Dicasterio de las Causas de los Santos, antes Congregaci\u00f3n para las Causas de los Santos, supervisa los procesos de Canonizaci\u00f3n. Antes de la canonizaci\u00f3n, el candidato debe obtener la Declaraci\u00f3n de la heroicidad de las virtudes y, a continuaci\u00f3n, la Beatificaci\u00f3n.<br \/>\nPara m\u00e1s informaci\u00f3n sobre la vida de Fray Mart\u00edn est\u00e1n los siguientes enlaces, c\u00f3mo su causa est\u00e1 siendo promovida por los frailes de Brasil y los fieles de Andrel\u00e2ndia en Brasil, donde est\u00e1 enterrado, y la oraci\u00f3n por su causa. Cada uno debe sentirse libre de imprimir y compartir esta informaci\u00f3n en su propio ministerio.<\/p>\n<p>Oraci\u00f3n por la Canonizaci\u00f3n de Fray Mart\u00edn de Porres Mar\u00eda WARD:<\/p>\n<p><em>Oh glorioso Dios Alt\u00edsimo, que te dignas glorificar en el cielo las almas de quienes te han servido y glorificado en la tierra, escucha nuestras s\u00faplicas, y seg\u00fan el designio de tu Divina Providencia, d\u00edgnate glorificar a tu siervo Fray Mart\u00edn Mar\u00eda, que por su amor quiso ofrecer su vida por la educaci\u00f3n y el servicio de los j\u00f3venes, los pobres y los enfermos, y que como nuestro &#8220;compadre&#8221; progresemos tambi\u00e9n nosotros en el servicio de los m\u00e1s necesitados. Am\u00e9n.<\/em><\/p>\n<p>Para m\u00e1s informaci\u00f3n: <a href=\"mailto:vpostulatorfrmartindpwardjz@gmail.com\">vpostulatorfrmartindpwardjz@gmail.com<\/a><\/p>\n<p>Clicka en los siguientes enlaces para ver m\u00e1s art\u00edculos sobre Fray Mart\u00edn de Porres WARD:<\/p>\n<ol>\n<li style=\"text-align: left;\"><a href=\"https:\/\/1drv.ms\/b\/s!AiGFmpk0RqSDhbdGLuG9Nrg31CxEqg?e=x3h9pa\">C\u00f3mo los fieles y frailes promueven la Causa de Fray Mart\u00edn en Brasil<\/a>.<br \/>\nO bien: (<a href=\"https:\/\/1drv.ms\/b\/s!AiGFmpk0RqSDhbdGLuG9Nrg31CxEqg?e=x3h9pa\">https:\/\/1drv.ms\/b\/s!AiGFmpk0RqSDhbdGLuG9Nrg31CxEqg?e=x3h9pa<\/a>)<br \/>\nAl final del PDF se encuentra un enlace a un breve video.<\/li>\n<\/ol>\n<p style=\"text-align: left;\">2. Art\u00edculos de noticias sobre Fray Mart\u00edn<br \/>\n(<a href=\"https:\/\/1drv.ms\/b\/s!AiGFmpk0RqSDhaxXUSs9vDQ6o71uQw?e=mF7Jup\">https:\/\/1drv.ms\/b\/s!AiGFmpk0RqSDhaxXUSs9vDQ6o71uQw?e=mF7Jup<\/a>)<\/p>\n<ol start=\"3\">\n<li><a href=\"https:\/\/ofmconv.net\/it\/brasile-celebrazione-in-ricordo-di-fra-martinho-de-porres\/\">https:\/\/ofmconv.net\/it\/brasile-celebrazione-in-ricordo-di-fra-martinho-de-porres\/<\/a><\/li>\n<\/ol>\n<p style=\"text-align: right;\">Por:<br \/>\n<a href=\"https:\/\/www.olaprovince.org\/2024\/01\/18\/update-cause-of-fr-martin-de-porres-maria-ward-ofm-conv\/\">https:\/\/www.olaprovince.org\/2024\/01\/18\/update-cause-of-fr-martin-de-porres-maria-ward-ofm-conv\/<\/a><\/p>\nngg_shortcode_0_placeholder\n","protected":false},"excerpt":{"rendered":"<p>El 22 de junio de 2024 se cumplen 25 a\u00f1os de la muerte de nuestro Hermano Fray Mart\u00edn de Porres Mar\u00eda WARD. Fray Mart\u00edn naci\u00f3 el 20 de marzo de 1918 y falleci\u00f3 el 22 de junio de 1999. Fue la primera vocaci\u00f3n franciscana conventual afroamericana en Am\u00e9rica del Norte. Despu\u00e9s de sus estudios en [&hellip;]<\/p>\n","protected":false},"author":1,"featured_media":65897,"comment_status":"closed","ping_status":"open","sticky":false,"template":"","format":"standard","meta":{"ngg_post_thumbnail":0,"footnotes":""},"categories":[150,145],"tags":[2645],"class_list":["post-65901","post","type-post","status-publish","format-standard","has-post-thumbnail","category-noticias","category-postulatore-es","tag-martin-de-porres-maria-ward-es"],"_links":{"self":[{"href":"https:\/\/www.ofmconv.net\/es\/wp-json\/wp\/v2\/posts\/65901","targetHints":{"allow":["GET"]}}],"collection":[{"href":"https:\/\/www.ofmconv.net\/es\/wp-json\/wp\/v2\/posts"}],"about":[{"href":"https:\/\/www.ofmconv.net\/es\/wp-json\/wp\/v2\/types\/post"}],"author":[{"embeddable":true,"href":"https:\/\/www.ofmconv.net\/es\/wp-json\/wp\/v2\/users\/1"}],"replies":[{"embeddable":true,"href":"https:\/\/www.ofmconv.net\/es\/wp-json\/wp\/v2\/comments?post=65901"}],"version-history":[{"count":0,"href":"https:\/\/www.ofmconv.net\/es\/wp-json\/wp\/v2\/posts\/65901\/revisions"}],"wp:featuredmedia":[{"embeddable":true,"href":"https:\/\/www.ofmconv.net\/es\/wp-json\/wp\/v2\/media\/65897"}],"wp:attachment":[{"href":"https:\/\/www.ofmconv.net\/es\/wp-json\/wp\/v2\/media?parent=65901"}],"wp:term":[{"taxonomy":"category","embeddable":true,"href":"https:\/\/www.ofmconv.net\/es\/wp-json\/wp\/v2\/categories?post=65901"},{"taxonomy":"post_tag","embeddable":true,"href":"https:\/\/www.ofmconv.net\/es\/wp-json\/wp\/v2\/tags?post=65901"}],"curies":[{"name":"wp","href":"https:\/\/api.w.org\/{rel}","templated":true}]}}