{"id":66025,"date":"2024-04-08T13:24:35","date_gmt":"2024-04-08T11:24:35","guid":{"rendered":"https:\/\/ofmconv.net\/grafologia-open-day-in-lingua-spagnola\/"},"modified":"2024-04-08T13:28:49","modified_gmt":"2024-04-08T11:28:49","slug":"grafologia-open-day-in-lingua-spagnola","status":"publish","type":"post","link":"https:\/\/www.ofmconv.net\/es\/grafologia-open-day-in-lingua-spagnola\/","title":{"rendered":"Grafolog\u00eda: <i>Open Day<\/i> en espa\u00f1ol"},"content":{"rendered":"<p><strong>Queridos hermanos y amigos, con el ferviente deseo de extender la disciplina de la grafolog\u00eda <em>morettiana<\/em>, el s\u00e1bado 27 de abril a las 15 horas (hora italiana) la Escuela de Grafolog\u00eda Seraphicum ofrecer\u00e1 una Jornada de Puertas Abiertas (Open Day) \u00edntegramente en espa\u00f1ol para todos los interesados en la materia.<\/strong><\/p>\n<p>La disciplina de la grafolog\u00eda forma parte del patrimonio de la familia franciscana conventual desde el siglo pasado, y est\u00e1 presente y activa a trav\u00e9s del estudio, la profundizaci\u00f3n y la investigaci\u00f3n. De hecho, fue Fray Girolamo MORETTI OFMConv (1879-1963) quien dio origen, forma y m\u00e9todo a la grafolog\u00eda italiana, que nuestra Orden sigue promoviendo y difundiendo en la actualidad.<br \/>\nDurante el pr\u00f3ximo encuentro, que ser\u00e1 conducido por los profesores Carlos TARANTINO y Fray Jos\u00e9 A. SU\u00c1REZ ALEM\u00c1N, tendremos la oportunidad de acercarnos de manera te\u00f3rica y pr\u00e1ctica a esta interesante disciplina. Comenzaremos con una exposici\u00f3n de los conceptos m\u00e1s generales relativos a la grafolog\u00eda, para luego hacer una breve descripci\u00f3n de la personalidad a trav\u00e9s del an\u00e1lisis de algunos escritos. A trav\u00e9s del <em>Open Day<\/em>, la Escuela Seraphicum abre sus puertas para mostrar la riqueza y utilidad que la grafolog\u00eda es capaz de ofrecer a\u00fan hoy en d\u00eda. De hecho, desde sus or\u00edgenes y con la reiterada insistencia del Padre MORETTI, el objetivo ha sido hacer el bien a la persona. Todo el mundo es bienvenido a este enfoque de la grafolog\u00eda. De hecho, cualquier persona interesada en el tema puede participar. Para m\u00e1s informaci\u00f3n, p\u00f3ngase en contacto con <a href=\"mailto:grafologia@seraphicum.org\">grafologia@seraphicum.org<\/a>.<\/p>\n<p>Les esperamos.<\/p>\n<p style=\"text-align: right;\">Fray Jos\u00e9 A. SU\u00c1REZ ALEM\u00c1N.<\/p>\n","protected":false},"excerpt":{"rendered":"<p>Queridos hermanos y amigos, con el ferviente deseo de extender la disciplina de la grafolog\u00eda morettiana, el s\u00e1bado 27 de abril a las 15 horas (hora italiana) la Escuela de Grafolog\u00eda Seraphicum ofrecer\u00e1 una Jornada de Puertas Abiertas (Open Day) \u00edntegramente en espa\u00f1ol para todos los interesados en la materia. La disciplina de la grafolog\u00eda [&hellip;]<\/p>\n","protected":false},"author":1,"featured_media":66021,"comment_status":"closed","ping_status":"open","sticky":false,"template":"","format":"standard","meta":{"ngg_post_thumbnail":0,"footnotes":""},"categories":[150,146],"tags":[2147,338],"class_list":["post-66025","post","type-post","status-publish","format-standard","has-post-thumbnail","category-noticias","category-ufficio-comunicazioni-es","tag-grafologia-es","tag-seraphicum-es"],"_links":{"self":[{"href":"https:\/\/www.ofmconv.net\/es\/wp-json\/wp\/v2\/posts\/66025","targetHints":{"allow":["GET"]}}],"collection":[{"href":"https:\/\/www.ofmconv.net\/es\/wp-json\/wp\/v2\/posts"}],"about":[{"href":"https:\/\/www.ofmconv.net\/es\/wp-json\/wp\/v2\/types\/post"}],"author":[{"embeddable":true,"href":"https:\/\/www.ofmconv.net\/es\/wp-json\/wp\/v2\/users\/1"}],"replies":[{"embeddable":true,"href":"https:\/\/www.ofmconv.net\/es\/wp-json\/wp\/v2\/comments?post=66025"}],"version-history":[{"count":0,"href":"https:\/\/www.ofmconv.net\/es\/wp-json\/wp\/v2\/posts\/66025\/revisions"}],"wp:featuredmedia":[{"embeddable":true,"href":"https:\/\/www.ofmconv.net\/es\/wp-json\/wp\/v2\/media\/66021"}],"wp:attachment":[{"href":"https:\/\/www.ofmconv.net\/es\/wp-json\/wp\/v2\/media?parent=66025"}],"wp:term":[{"taxonomy":"category","embeddable":true,"href":"https:\/\/www.ofmconv.net\/es\/wp-json\/wp\/v2\/categories?post=66025"},{"taxonomy":"post_tag","embeddable":true,"href":"https:\/\/www.ofmconv.net\/es\/wp-json\/wp\/v2\/tags?post=66025"}],"curies":[{"name":"wp","href":"https:\/\/api.w.org\/{rel}","templated":true}]}}