{"id":66385,"date":"2024-04-19T13:39:04","date_gmt":"2024-04-19T11:39:04","guid":{"rendered":"https:\/\/ofmconv.net\/karsiyaka-smirne-ritorno-dei-conventuali-alla-parrocchia-s-elena\/"},"modified":"2024-04-19T13:45:34","modified_gmt":"2024-04-19T11:45:34","slug":"karsiyaka-smirne-ritorno-dei-conventuali-alla-parrocchia-s-elena","status":"publish","type":"post","link":"https:\/\/www.ofmconv.net\/es\/karsiyaka-smirne-ritorno-dei-conventuali-alla-parrocchia-s-elena\/","title":{"rendered":"Kar\u015f\u0131yaka &#8211; Esmirna: regreso de los Conventuales a la Parroquia de Santa Elena"},"content":{"rendered":"<p><strong>El domingo 14 de abril de 2024 fue un d\u00eda muy significativo para la comunidad de Kar\u015f\u0131yaka &#8211; Esmirna, ya que marc\u00f3 el regreso de los Hermanos Menores Conventuales a la Parroquia de Santa Elena. El acontecimiento se celebr\u00f3 con solemnidad y alegr\u00eda, simbolizando un nuevo cap\u00edtulo en la historia de esta Iglesia y su comunidad.<\/strong><\/p>\n<p>El momento culminante del d\u00eda fue cuando Fray Adrian BACIU tom\u00f3 posesi\u00f3n can\u00f3nica de la Parroquia, recibiendo la autoridad eclesi\u00e1stica de manos del Obispo Mons. Martin KMETEC OFMConv Arzobispo Metropolitano de Esmirna. Este acto marc\u00f3 oficialmente el regreso de los Hermanos a la direcci\u00f3n espiritual de la Parroquia, despu\u00e9s de una ausencia que dur\u00f3 desde 2011.<br \/>\nLa Parroquia de Santa Elena ha sido atendida por los Conventuales desde 1997, a\u00f1o en que iniciaron su ministerio, hasta 2011, cuando tuvieron que abandonarla debido a circunstancias que dificultaron su labor. Sin embargo, hoy, con gran alegr\u00eda, la Custodia general de Oriente y Tierra Santa se congratula de poder servir de nuevo a esta comunidad.<br \/>\nEl regreso de la OFMConv trae consigo una esperanza renovada y un compromiso reforzado de servir a la comunidad local. La presencia de los Hermanos no s\u00f3lo proporciona un apoyo espiritual esencial a los fieles, sino que tambi\u00e9n representa un v\u00ednculo tangible con la larga historia de la Iglesia de Santa Elena y su misi\u00f3n en la regi\u00f3n.<br \/>\nAl final de la Santa Misa, el Custodio provincial Fray Anton BULAI, expres\u00f3 su agradecimiento: &#8220;Hermanos, hemos vuelto como los disc\u00edpulos de Ema\u00fas. Hemos venido a hablar de Cristo, a contar c\u00f3mo llegamos a conocerle. Lo hab\u00e9is o\u00eddo en las Escrituras, Jes\u00fas mismo se apareci\u00f3 en medio de ellos y les dijo: \u00a1Paz a ustedes! Hablaremos de Cristo y estoy seguro de que Jes\u00fas estar\u00e1 con nosotros y nos dir\u00e1: La paz sea con ustedes. Los amamos, por eso hemos vuelto. Hemos venido para amarlos. Y ahora quiero a\u00f1adir humildemente una cosa: amen a nuestro nuevo p\u00e1rroco Fray Adrian BACIU, amen al Guardi\u00e1n Fray Iosif ROBU y a Fray Moses FIDELIS&#8221;.<br \/>\nLa comunidad de Kar\u015f\u0131yaka acoge con entusiasmo esta nueva etapa y mira al futuro con confianza y esperanza. El regreso de los Hermanos Menores Conventuales marca un momento significativo de renovaci\u00f3n y crecimiento espiritual para todos los implicados, y promete ser un faro de luz y esperanza en la vida de la comunidad.<\/p>\n<p style=\"text-align: right;\">Fray Marian-Emanuel V\u0102T\u0102M\u0102NELU.<\/p>\nngg_shortcode_0_placeholder\n","protected":false},"excerpt":{"rendered":"<p>El domingo 14 de abril de 2024 fue un d\u00eda muy significativo para la comunidad de Kar\u015f\u0131yaka &#8211; Esmirna, ya que marc\u00f3 el regreso de los Hermanos Menores Conventuales a la Parroquia de Santa Elena. El acontecimiento se celebr\u00f3 con solemnidad y alegr\u00eda, simbolizando un nuevo cap\u00edtulo en la historia de esta Iglesia y su [&hellip;]<\/p>\n","protected":false},"author":1,"featured_media":66381,"comment_status":"closed","ping_status":"open","sticky":false,"template":"","format":"standard","meta":{"ngg_post_thumbnail":0,"footnotes":""},"categories":[133,116],"tags":[559,1352],"class_list":["post-66385","post","type-post","status-publish","format-standard","has-post-thumbnail","category-federaciones","category-fimp-es","tag-oriente-y-tierra-santa","tag-turquia"],"_links":{"self":[{"href":"https:\/\/www.ofmconv.net\/es\/wp-json\/wp\/v2\/posts\/66385","targetHints":{"allow":["GET"]}}],"collection":[{"href":"https:\/\/www.ofmconv.net\/es\/wp-json\/wp\/v2\/posts"}],"about":[{"href":"https:\/\/www.ofmconv.net\/es\/wp-json\/wp\/v2\/types\/post"}],"author":[{"embeddable":true,"href":"https:\/\/www.ofmconv.net\/es\/wp-json\/wp\/v2\/users\/1"}],"replies":[{"embeddable":true,"href":"https:\/\/www.ofmconv.net\/es\/wp-json\/wp\/v2\/comments?post=66385"}],"version-history":[{"count":0,"href":"https:\/\/www.ofmconv.net\/es\/wp-json\/wp\/v2\/posts\/66385\/revisions"}],"wp:featuredmedia":[{"embeddable":true,"href":"https:\/\/www.ofmconv.net\/es\/wp-json\/wp\/v2\/media\/66381"}],"wp:attachment":[{"href":"https:\/\/www.ofmconv.net\/es\/wp-json\/wp\/v2\/media?parent=66385"}],"wp:term":[{"taxonomy":"category","embeddable":true,"href":"https:\/\/www.ofmconv.net\/es\/wp-json\/wp\/v2\/categories?post=66385"},{"taxonomy":"post_tag","embeddable":true,"href":"https:\/\/www.ofmconv.net\/es\/wp-json\/wp\/v2\/tags?post=66385"}],"curies":[{"name":"wp","href":"https:\/\/api.w.org\/{rel}","templated":true}]}}