{"id":66735,"date":"2024-04-29T13:57:54","date_gmt":"2024-04-29T11:57:54","guid":{"rendered":"https:\/\/ofmconv.net\/presa-di-possesso-del-titolo-cardinalizio-del-card-fra-francois-xavier-bustillo\/"},"modified":"2024-04-29T14:09:15","modified_gmt":"2024-04-29T12:09:15","slug":"presa-di-possesso-del-titolo-cardinalizio-del-card-fra-francois-xavier-bustillo","status":"publish","type":"post","link":"https:\/\/www.ofmconv.net\/es\/presa-di-possesso-del-titolo-cardinalizio-del-card-fra-francois-xavier-bustillo\/","title":{"rendered":"Toma de posesi\u00f3n del T\u00edtulo Cardenalicio del Card. Fray Fran\u00e7ois-Xavier BUSTILLO"},"content":{"rendered":"<p><strong>S\u00e1bado 20 de abril de 2024 a las 18 horas, Su Eminencia Card. Fran\u00e7ois-Xavier BUSTILLO (OFMConv) Obispo de Ajaccio &#8211; Francia, toma posesi\u00f3n del T\u00edtulo de Santa Mar\u00eda Inmaculada de Lourdes en el barrio Aurelio de Roma.<\/strong><\/p>\n<p>El T\u00edtulo Cardenalicio es el v\u00ednculo que une cada Cardenal a una iglesia de la Ciudad de Roma o a una Di\u00f3cesis suburbicaria, independientemente del cargo eclesi\u00e1stico que cada Cardenal desempe\u00f1e en la urbe y en diferentes partes del mundo. El T\u00edtulo es asignado en el momento de la Creaci\u00f3n del cardenal por el propio Papa a trav\u00e9s de una bula en pergamino, que fue presentada y le\u00edda a los fieles en el momento de la prensa de posesi\u00f3n, por uno de los Maestros de Ceremonias pontificios.<br \/>\nA la sencilla e intensa celebraci\u00f3n asistieron presb\u00edteros, religiosos y religiosas, fieles de la Parroquia, autoridades diplom\u00e1ticas y representantes del Clero de Ajaccio, junto con los Hermanos del Cardenal: Card. Fray Mauro GAMBETTI Arcipreste de la Bas\u00edlica Vaticana, Fray Maurizio DI PAOLO Procurador general, Fray Vincenzo COSATTI Superior del Colegio de Penitenciarios Vaticanos y Fray Valdo NOGUEIRA Vice-Postulador general.<br \/>\nEn su homil\u00eda, el Card. BUSTILLO subray\u00f3 tres palabras del Evangelio del Buen Pastor: escuchar, amar, dar la vida: todo ello poni\u00e9ndose al servicio de la Sede Apost\u00f3lica, as\u00ed como de la propia Di\u00f3cesis. Al final de la celebraci\u00f3n, un refrigerio preparado por la comunidad parroquial fue la ocasi\u00f3n de saludar al nuevo Cardenal, que agradeci\u00f3 mucho la presencia de sus Hermanos.<\/p>\n<p style=\"text-align: right;\">Fray Maurizio DI PAOLO, Procurador general.<\/p>\nngg_shortcode_0_placeholder\n","protected":false},"excerpt":{"rendered":"<p>S\u00e1bado 20 de abril de 2024 a las 18 horas, Su Eminencia Card. Fran\u00e7ois-Xavier BUSTILLO (OFMConv) Obispo de Ajaccio &#8211; Francia, toma posesi\u00f3n del T\u00edtulo de Santa Mar\u00eda Inmaculada de Lourdes en el barrio Aurelio de Roma. El T\u00edtulo Cardenalicio es el v\u00ednculo que une cada Cardenal a una iglesia de la Ciudad de Roma [&hellip;]<\/p>\n","protected":false},"author":1,"featured_media":66731,"comment_status":"closed","ping_status":"open","sticky":false,"template":"","format":"standard","meta":{"ngg_post_thumbnail":0,"footnotes":""},"categories":[150,146],"tags":[2516],"class_list":["post-66735","post","type-post","status-publish","format-standard","has-post-thumbnail","category-noticias","category-ufficio-comunicazioni-es","tag-francois-xavier-bustillo-es"],"_links":{"self":[{"href":"https:\/\/www.ofmconv.net\/es\/wp-json\/wp\/v2\/posts\/66735","targetHints":{"allow":["GET"]}}],"collection":[{"href":"https:\/\/www.ofmconv.net\/es\/wp-json\/wp\/v2\/posts"}],"about":[{"href":"https:\/\/www.ofmconv.net\/es\/wp-json\/wp\/v2\/types\/post"}],"author":[{"embeddable":true,"href":"https:\/\/www.ofmconv.net\/es\/wp-json\/wp\/v2\/users\/1"}],"replies":[{"embeddable":true,"href":"https:\/\/www.ofmconv.net\/es\/wp-json\/wp\/v2\/comments?post=66735"}],"version-history":[{"count":0,"href":"https:\/\/www.ofmconv.net\/es\/wp-json\/wp\/v2\/posts\/66735\/revisions"}],"wp:featuredmedia":[{"embeddable":true,"href":"https:\/\/www.ofmconv.net\/es\/wp-json\/wp\/v2\/media\/66731"}],"wp:attachment":[{"href":"https:\/\/www.ofmconv.net\/es\/wp-json\/wp\/v2\/media?parent=66735"}],"wp:term":[{"taxonomy":"category","embeddable":true,"href":"https:\/\/www.ofmconv.net\/es\/wp-json\/wp\/v2\/categories?post=66735"},{"taxonomy":"post_tag","embeddable":true,"href":"https:\/\/www.ofmconv.net\/es\/wp-json\/wp\/v2\/tags?post=66735"}],"curies":[{"name":"wp","href":"https:\/\/api.w.org\/{rel}","templated":true}]}}