{"id":67454,"date":"2024-05-15T13:05:10","date_gmt":"2024-05-15T11:05:10","guid":{"rendered":"https:\/\/ofmconv.net\/spagna-ordinazione-sacerdotale\/"},"modified":"2024-05-15T13:08:44","modified_gmt":"2024-05-15T11:08:44","slug":"spagna-ordinazione-sacerdotale","status":"publish","type":"post","link":"https:\/\/www.ofmconv.net\/es\/spagna-ordinazione-sacerdotale\/","title":{"rendered":"Espa\u00f1a: Ordenaci\u00f3n sacerdotal"},"content":{"rendered":"<p><strong>La tarde del s\u00e1bado 27 de abril de 2024, fiesta de Nuestra Se\u00f1ora de Montserrat -patrona de la Provincia franciscana conventual de Espa\u00f1a-, tuvo lugar en la catedral de Madrid la Ordenaci\u00f3n sacerdotal de Fray Alejandro Mar\u00eda ALDAVERO ROMERO, junto a otros 10 di\u00e1conos.<\/strong><\/p>\n<p>Presidi\u00f3 la solemne celebraci\u00f3n el Cardenal de Madrid, Mons. Jos\u00e9 COBO CANO, acompa\u00f1ado por un numeroso grupo de sacerdotes concelebrantes, entre los que se encontraban el Ministro provincial reelegido Fray Juan Antonio AD\u00c1NEZ SILV\u00c1N, junto a una buena representaci\u00f3n de Hermanos de la Provincia. Fray Alejandro M. estuvo tambi\u00e9n acompa\u00f1ado por su familia, muchos j\u00f3venes de nuestra pastoral y amigos de las fraternidades de Madrid y Valladolid.<br \/>\nAl d\u00eda siguiente, 29 de abril, celebr\u00f3 su primera Misa solemne en nuestra iglesia conventual de santa Clara de Madrid.<br \/>\nAgradecemos al Se\u00f1or el don de este nuevo Hermano sacerdote y pedimos para \u00e9l la gracia de un ministerio muy fecundo tras las huellas de los santos pastores de nuestra Orden.<\/p>\n<p style=\"text-align: right;\">Fray Abel GARC\u00cdA-CEZ\u00d3N ROLD\u00c1N.<\/p>\nngg_shortcode_0_placeholder\n","protected":false},"excerpt":{"rendered":"<p>La tarde del s\u00e1bado 27 de abril de 2024, fiesta de Nuestra Se\u00f1ora de Montserrat -patrona de la Provincia franciscana conventual de Espa\u00f1a-, tuvo lugar en la catedral de Madrid la Ordenaci\u00f3n sacerdotal de Fray Alejandro Mar\u00eda ALDAVERO ROMERO, junto a otros 10 di\u00e1conos. Presidi\u00f3 la solemne celebraci\u00f3n el Cardenal de Madrid, Mons. Jos\u00e9 COBO [&hellip;]<\/p>\n","protected":false},"author":1,"featured_media":67450,"comment_status":"closed","ping_status":"open","sticky":false,"template":"","format":"standard","meta":{"ngg_post_thumbnail":0,"footnotes":""},"categories":[133,116,150],"tags":[901,731],"class_list":["post-67454","post","type-post","status-publish","format-standard","has-post-thumbnail","category-federaciones","category-fimp-es","tag-espana","tag-ordenacion-presbiteral"],"_links":{"self":[{"href":"https:\/\/www.ofmconv.net\/es\/wp-json\/wp\/v2\/posts\/67454","targetHints":{"allow":["GET"]}}],"collection":[{"href":"https:\/\/www.ofmconv.net\/es\/wp-json\/wp\/v2\/posts"}],"about":[{"href":"https:\/\/www.ofmconv.net\/es\/wp-json\/wp\/v2\/types\/post"}],"author":[{"embeddable":true,"href":"https:\/\/www.ofmconv.net\/es\/wp-json\/wp\/v2\/users\/1"}],"replies":[{"embeddable":true,"href":"https:\/\/www.ofmconv.net\/es\/wp-json\/wp\/v2\/comments?post=67454"}],"version-history":[{"count":0,"href":"https:\/\/www.ofmconv.net\/es\/wp-json\/wp\/v2\/posts\/67454\/revisions"}],"wp:featuredmedia":[{"embeddable":true,"href":"https:\/\/www.ofmconv.net\/es\/wp-json\/wp\/v2\/media\/67450"}],"wp:attachment":[{"href":"https:\/\/www.ofmconv.net\/es\/wp-json\/wp\/v2\/media?parent=67454"}],"wp:term":[{"taxonomy":"category","embeddable":true,"href":"https:\/\/www.ofmconv.net\/es\/wp-json\/wp\/v2\/categories?post=67454"},{"taxonomy":"post_tag","embeddable":true,"href":"https:\/\/www.ofmconv.net\/es\/wp-json\/wp\/v2\/tags?post=67454"}],"curies":[{"name":"wp","href":"https:\/\/api.w.org\/{rel}","templated":true}]}}