{"id":67783,"date":"2024-05-24T13:22:53","date_gmt":"2024-05-24T11:22:53","guid":{"rendered":"https:\/\/ofmconv.net\/argentina-uruguay-assemblea-provinciale-2\/"},"modified":"2024-05-24T13:25:57","modified_gmt":"2024-05-24T11:25:57","slug":"argentina-uruguay-assemblea-provinciale-2","status":"publish","type":"post","link":"https:\/\/www.ofmconv.net\/es\/argentina-uruguay-assemblea-provinciale-2\/","title":{"rendered":"Argentina-Uruguay: Asamblea provincial"},"content":{"rendered":"<p><strong>Durante los d\u00edas 21 y 22 de mayo de 2024 los Hermanos de la Provincia Rioplatense de San Antonio de Padua en Argentina y Uruguay celebraron la 1era. Asamblea del cuatrienio (2023-2027) en el \u201cCentro Inmaculada\u201d de las Misioneras P. Kolbe de Olavarr\u00eda, Provincia de Buenos Aires &#8211; Argentina.<\/strong><\/p>\n<p>Caracterizaron estos d\u00edas: celebraciones lit\u00fargicas (Misa y Liturgia de las Horas) momentos de integraci\u00f3n grupal, reflexi\u00f3n sobre la realidad provincial a partir del Proyecto Provincial Cuatrienal (PPC) y una revisi\u00f3n de la vida de cada comunidad.<br \/>\nCada uno de los Hermanos comparti\u00f3 su itinerario vocacional, lo cual permiti\u00f3 constatar c\u00f3mo el Se\u00f1or Dios llama de distintas maneras y a trav\u00e9s de distintas mediaciones.<br \/>\nDespu\u00e9s de la cena hubo un momento festivo con cantos uruguayos y argentinos.<\/p>\n<p style=\"text-align: right;\">Fr. Mart\u00edn BITZER, Secretario provincial.<\/p>\n","protected":false},"excerpt":{"rendered":"<p>Durante los d\u00edas 21 y 22 de mayo de 2024 los Hermanos de la Provincia Rioplatense de San Antonio de Padua en Argentina y Uruguay celebraron la 1era. Asamblea del cuatrienio (2023-2027) en el \u201cCentro Inmaculada\u201d de las Misioneras P. Kolbe de Olavarr\u00eda, Provincia de Buenos Aires &#8211; Argentina. Caracterizaron estos d\u00edas: celebraciones lit\u00fargicas (Misa [&hellip;]<\/p>\n","protected":false},"author":1,"featured_media":67779,"comment_status":"closed","ping_status":"open","sticky":false,"template":"","format":"standard","meta":{"ngg_post_thumbnail":0,"footnotes":""},"categories":[109,133,150],"tags":[1683,256],"class_list":["post-67783","post","type-post","status-publish","format-standard","has-post-thumbnail","category-falc-es","category-federaciones","category-noticias","tag-argentina-uruguay-es","tag-asamblea"],"_links":{"self":[{"href":"https:\/\/www.ofmconv.net\/es\/wp-json\/wp\/v2\/posts\/67783","targetHints":{"allow":["GET"]}}],"collection":[{"href":"https:\/\/www.ofmconv.net\/es\/wp-json\/wp\/v2\/posts"}],"about":[{"href":"https:\/\/www.ofmconv.net\/es\/wp-json\/wp\/v2\/types\/post"}],"author":[{"embeddable":true,"href":"https:\/\/www.ofmconv.net\/es\/wp-json\/wp\/v2\/users\/1"}],"replies":[{"embeddable":true,"href":"https:\/\/www.ofmconv.net\/es\/wp-json\/wp\/v2\/comments?post=67783"}],"version-history":[{"count":0,"href":"https:\/\/www.ofmconv.net\/es\/wp-json\/wp\/v2\/posts\/67783\/revisions"}],"wp:featuredmedia":[{"embeddable":true,"href":"https:\/\/www.ofmconv.net\/es\/wp-json\/wp\/v2\/media\/67779"}],"wp:attachment":[{"href":"https:\/\/www.ofmconv.net\/es\/wp-json\/wp\/v2\/media?parent=67783"}],"wp:term":[{"taxonomy":"category","embeddable":true,"href":"https:\/\/www.ofmconv.net\/es\/wp-json\/wp\/v2\/categories?post=67783"},{"taxonomy":"post_tag","embeddable":true,"href":"https:\/\/www.ofmconv.net\/es\/wp-json\/wp\/v2\/tags?post=67783"}],"curies":[{"name":"wp","href":"https:\/\/api.w.org\/{rel}","templated":true}]}}