{"id":6822,"date":"2018-06-07T20:14:09","date_gmt":"2018-06-07T19:14:09","guid":{"rendered":"https:\/\/ofmconv.net\/valladolid-giubileo-doro\/"},"modified":"2018-06-07T20:22:44","modified_gmt":"2018-06-07T19:22:44","slug":"valladolid-giubileo-doro","status":"publish","type":"post","link":"https:\/\/www.ofmconv.net\/es\/valladolid-giubileo-doro\/","title":{"rendered":"Valladolid: Jubileo de Oro"},"content":{"rendered":"<p><strong>Durante el curso 2017-2018, nuestro Colegio \u201cSan Francisco de As\u00eds\u201d en Valladolid-Espa\u00f1a, se encuentra viviendo las celebraciones de su Jubileo de Oro (50 a\u00f1os de su fundaci\u00f3n). Es una oportunidad preciosa para agradecer a Dios por todo el bien recibido en estos a\u00f1os.<\/strong><\/p>\n<p>A lo largo del a\u00f1o se han realizado muchas actividades al respecto: la inauguraci\u00f3n el 4 de octubre del 2017, el concurso de \u201cMarcap\u00e1ginas\u201d, el encuentro con los exalumnos el 14 de abril, la composici\u00f3n de un himno, etc.<br \/>\nDurante el fin de semana del 18-20 de mayo del 2018, se tuvieron los actos centrales del Jubileo de Oro: el Homenaje a los abuelos del Colegio, un concierto de acci\u00f3n de gracias en la parroquia y la solemne Eucarist\u00eda de Pentecost\u00e9s, celebrada en el patio del Colegio y presidida por el Ministro general Fray Marco TASCA, mismo que nos ha honrado con su visita en este d\u00eda tan especial, junto con un gran n\u00famero de frailes venidos de Italia y del resto de las fraternidades de la Provincia \u201cNuestra Se\u00f1ora de Montserrat\u201d en Espa\u00f1a, encabezados por Fray \u00c1ngel Mariano GUZM\u00c1N LUDE\u00d1A, Ministro provincial.<br \/>\nNo podemos m\u00e1s que sentirnos agradecidos con Dios por el regalo de habernos encontrado cara a cara con San Francisco de As\u00eds y su maravilloso carisma.<\/p>\n<p style=\"text-align: right;\">Fray Juan Antonio AD\u00c1NEZ SILV\u00c1N, OFMConv<br \/>\nFoto: Fray Ryszard WR\u00d3BEL OFMConv<\/p>\nngg_shortcode_0_placeholder\n","protected":false},"excerpt":{"rendered":"<p>Durante el curso 2017-2018, nuestro Colegio \u201cSan Francisco de As\u00eds\u201d en Valladolid-Espa\u00f1a, se encuentra viviendo las celebraciones de su Jubileo de Oro (50 a\u00f1os de su fundaci\u00f3n). Es una oportunidad preciosa para agradecer a Dios por todo el bien recibido en estos a\u00f1os. A lo largo del a\u00f1o se han realizado muchas actividades al respecto: [&hellip;]<\/p>\n","protected":false},"author":1,"featured_media":6812,"comment_status":"closed","ping_status":"open","sticky":false,"template":"","format":"standard","meta":{"ngg_post_thumbnail":0,"footnotes":""},"categories":[133,116,150],"tags":[902,901],"class_list":["post-6822","post","type-post","status-publish","format-standard","has-post-thumbnail","category-federaciones","category-fimp-es","category-noticias","tag-espana"],"_links":{"self":[{"href":"https:\/\/www.ofmconv.net\/es\/wp-json\/wp\/v2\/posts\/6822","targetHints":{"allow":["GET"]}}],"collection":[{"href":"https:\/\/www.ofmconv.net\/es\/wp-json\/wp\/v2\/posts"}],"about":[{"href":"https:\/\/www.ofmconv.net\/es\/wp-json\/wp\/v2\/types\/post"}],"author":[{"embeddable":true,"href":"https:\/\/www.ofmconv.net\/es\/wp-json\/wp\/v2\/users\/1"}],"replies":[{"embeddable":true,"href":"https:\/\/www.ofmconv.net\/es\/wp-json\/wp\/v2\/comments?post=6822"}],"version-history":[{"count":0,"href":"https:\/\/www.ofmconv.net\/es\/wp-json\/wp\/v2\/posts\/6822\/revisions"}],"wp:featuredmedia":[{"embeddable":true,"href":"https:\/\/www.ofmconv.net\/es\/wp-json\/wp\/v2\/media\/6812"}],"wp:attachment":[{"href":"https:\/\/www.ofmconv.net\/es\/wp-json\/wp\/v2\/media?parent=6822"}],"wp:term":[{"taxonomy":"category","embeddable":true,"href":"https:\/\/www.ofmconv.net\/es\/wp-json\/wp\/v2\/categories?post=6822"},{"taxonomy":"post_tag","embeddable":true,"href":"https:\/\/www.ofmconv.net\/es\/wp-json\/wp\/v2\/tags?post=6822"}],"curies":[{"name":"wp","href":"https:\/\/api.w.org\/{rel}","templated":true}]}}