{"id":69312,"date":"2024-06-28T12:38:31","date_gmt":"2024-06-28T10:38:31","guid":{"rendered":"https:\/\/ofmconv.net\/brasile-25-di-fra-martin-maria-de-porres-ward\/"},"modified":"2024-06-28T12:41:24","modified_gmt":"2024-06-28T10:41:24","slug":"brasile-25-di-fra-martin-maria-de-porres-ward","status":"publish","type":"post","link":"https:\/\/www.ofmconv.net\/es\/brasile-25-di-fra-martin-maria-de-porres-ward\/","title":{"rendered":"Brasil: 25\u00b0 de Fray Mart\u00edn Mar\u00eda de Porres WARD"},"content":{"rendered":"<p><strong>La Custodia provincial de la Inmaculada Concepci\u00f3n de la Bienaventurada Virgen Mar\u00eda en Brasil, en la persona del Custodio provincial Fray Carlos Roberto de Oliveira CHARLES, celebr\u00f3 el 25\u00ba aniversario de la muerte de Fray Mart\u00edn Mar\u00eda de Porres WARD OFMConv, en la capilla del Seminario San Francisco de As\u00eds, junto a la Ermita &#8220;Perfeita Alegria&#8221;, en la ciudad de Andrel\u00e2ndia, el d\u00eda 22 de junio de 2024, a las 10:00 de la ma\u00f1ana.<\/strong><\/p>\n<p>La celebraci\u00f3n de la memoria de Fray Mart\u00edn fue animada por la presencia de los Hermanos de la Custodia, de los fieles y del P\u00e1rroco de Andrel\u00e2ndia P. Domingos S\u00c1VIO DA SILVA.<br \/>\nEn su homil\u00eda, Fray Carlos Roberto destac\u00f3 la memoria, la identidad misionera y la juventud de Fray Mart\u00edn. Para muchos fieles, su sencillez y alegr\u00eda eran un signo de la presencia de Dios.<br \/>\nAntes de la bendici\u00f3n final, hubo una procesi\u00f3n desde la capilla de San Francisco hasta la tumba de Fray Mart\u00edn, donde se pudo rezar y dar gracias a Dios por este Hermano y su testimonio de vida en medio del pueblo de Dios. Finalmente, el Custodio agradeci\u00f3 a todos su presencia y, junto con los dem\u00e1s concelebrantes, impuso las manos sobre los fieles impartiendo la bendici\u00f3n.<\/p>\n<p style=\"text-align: right;\">Fray Willian Gomes MENDON\u00c7A, Secretario custodial.<\/p>\nngg_shortcode_0_placeholder\n","protected":false},"excerpt":{"rendered":"<p>La Custodia provincial de la Inmaculada Concepci\u00f3n de la Bienaventurada Virgen Mar\u00eda en Brasil, en la persona del Custodio provincial Fray Carlos Roberto de Oliveira CHARLES, celebr\u00f3 el 25\u00ba aniversario de la muerte de Fray Mart\u00edn Mar\u00eda de Porres WARD OFMConv, en la capilla del Seminario San Francisco de As\u00eds, junto a la Ermita &#8220;Perfeita [&hellip;]<\/p>\n","protected":false},"author":1,"featured_media":69308,"comment_status":"closed","ping_status":"open","sticky":false,"template":"","format":"standard","meta":{"ngg_post_thumbnail":0,"footnotes":""},"categories":[109,133,150],"tags":[1500,2645],"class_list":["post-69312","post","type-post","status-publish","format-standard","has-post-thumbnail","category-falc-es","category-federaciones","category-noticias","tag-brasil-imm","tag-martin-de-porres-maria-ward-es"],"_links":{"self":[{"href":"https:\/\/www.ofmconv.net\/es\/wp-json\/wp\/v2\/posts\/69312","targetHints":{"allow":["GET"]}}],"collection":[{"href":"https:\/\/www.ofmconv.net\/es\/wp-json\/wp\/v2\/posts"}],"about":[{"href":"https:\/\/www.ofmconv.net\/es\/wp-json\/wp\/v2\/types\/post"}],"author":[{"embeddable":true,"href":"https:\/\/www.ofmconv.net\/es\/wp-json\/wp\/v2\/users\/1"}],"replies":[{"embeddable":true,"href":"https:\/\/www.ofmconv.net\/es\/wp-json\/wp\/v2\/comments?post=69312"}],"version-history":[{"count":0,"href":"https:\/\/www.ofmconv.net\/es\/wp-json\/wp\/v2\/posts\/69312\/revisions"}],"wp:featuredmedia":[{"embeddable":true,"href":"https:\/\/www.ofmconv.net\/es\/wp-json\/wp\/v2\/media\/69308"}],"wp:attachment":[{"href":"https:\/\/www.ofmconv.net\/es\/wp-json\/wp\/v2\/media?parent=69312"}],"wp:term":[{"taxonomy":"category","embeddable":true,"href":"https:\/\/www.ofmconv.net\/es\/wp-json\/wp\/v2\/categories?post=69312"},{"taxonomy":"post_tag","embeddable":true,"href":"https:\/\/www.ofmconv.net\/es\/wp-json\/wp\/v2\/tags?post=69312"}],"curies":[{"name":"wp","href":"https:\/\/api.w.org\/{rel}","templated":true}]}}