{"id":70963,"date":"2024-08-14T18:26:08","date_gmt":"2024-08-14T16:26:08","guid":{"rendered":"https:\/\/www.ofmconv.net\/usa-sjc-professione-solenne\/"},"modified":"2024-08-14T18:31:31","modified_gmt":"2024-08-14T16:31:31","slug":"usa-sjc-professione-solenne","status":"publish","type":"post","link":"https:\/\/www.ofmconv.net\/es\/usa-sjc-professione-solenne\/","title":{"rendered":"USA-SJC: Profesi\u00f3n solemne"},"content":{"rendered":"<p><strong>El viernes 2 de agosto de 2024 por la tarde, Fray Wayne Tristen MULEI de la Provincia de San Jos\u00e9 de Cupertino en los EE.UU. (SJC) hizo su Profesi\u00f3n solemne en presencia de sus Hermanos, familiares y feligreses.<\/strong><\/p>\n<p>La celebraci\u00f3n tuvo lugar en la Iglesia de la Transfiguraci\u00f3n de Castro Valley, California, perteneciente a la Provincia SJC.<br \/>\nFray Wayne es originario de Reno, Nevada, donde conoci\u00f3 a los Hermanos que prestaban servicio en la Catedral de Santo Tom\u00e1s de Aquino. Sirvi\u00f3 en los US Marines antes de ingresar en la Orden. Actualmente estudia en la Universidad Cat\u00f3lica de Am\u00e9rica en Washington DC.<\/p>\n<p style=\"text-align: right;\">Fray James Michael REITER, Vicario provincial.<\/p>\nngg_shortcode_0_placeholder\n","protected":false},"excerpt":{"rendered":"<p>El viernes 2 de agosto de 2024 por la tarde, Fray Wayne Tristen MULEI de la Provincia de San Jos\u00e9 de Cupertino en los EE.UU. (SJC) hizo su Profesi\u00f3n solemne en presencia de sus Hermanos, familiares y feligreses. La celebraci\u00f3n tuvo lugar en la Iglesia de la Transfiguraci\u00f3n de Castro Valley, California, perteneciente a la [&hellip;]<\/p>\n","protected":false},"author":1,"featured_media":70959,"comment_status":"closed","ping_status":"open","sticky":false,"template":"","format":"standard","meta":{"ngg_post_thumbnail":0,"footnotes":""},"categories":[106,133,150],"tags":[1197,962],"class_list":["post-70963","post","type-post","status-publish","format-standard","has-post-thumbnail","category-cff-es","category-federaciones","category-noticias","tag-profesion-solemne","tag-usa-sjc-es"],"_links":{"self":[{"href":"https:\/\/www.ofmconv.net\/es\/wp-json\/wp\/v2\/posts\/70963","targetHints":{"allow":["GET"]}}],"collection":[{"href":"https:\/\/www.ofmconv.net\/es\/wp-json\/wp\/v2\/posts"}],"about":[{"href":"https:\/\/www.ofmconv.net\/es\/wp-json\/wp\/v2\/types\/post"}],"author":[{"embeddable":true,"href":"https:\/\/www.ofmconv.net\/es\/wp-json\/wp\/v2\/users\/1"}],"replies":[{"embeddable":true,"href":"https:\/\/www.ofmconv.net\/es\/wp-json\/wp\/v2\/comments?post=70963"}],"version-history":[{"count":0,"href":"https:\/\/www.ofmconv.net\/es\/wp-json\/wp\/v2\/posts\/70963\/revisions"}],"wp:featuredmedia":[{"embeddable":true,"href":"https:\/\/www.ofmconv.net\/es\/wp-json\/wp\/v2\/media\/70959"}],"wp:attachment":[{"href":"https:\/\/www.ofmconv.net\/es\/wp-json\/wp\/v2\/media?parent=70963"}],"wp:term":[{"taxonomy":"category","embeddable":true,"href":"https:\/\/www.ofmconv.net\/es\/wp-json\/wp\/v2\/categories?post=70963"},{"taxonomy":"post_tag","embeddable":true,"href":"https:\/\/www.ofmconv.net\/es\/wp-json\/wp\/v2\/tags?post=70963"}],"curies":[{"name":"wp","href":"https:\/\/api.w.org\/{rel}","templated":true}]}}