{"id":7108,"date":"2018-06-15T17:17:53","date_gmt":"2018-06-15T16:17:53","guid":{"rendered":"https:\/\/ofmconv.net\/roma-convegno-sul-card-van-thuan\/"},"modified":"2018-06-15T17:32:32","modified_gmt":"2018-06-15T16:32:32","slug":"roma-convegno-sul-card-van-thuan","status":"publish","type":"post","link":"https:\/\/www.ofmconv.net\/es\/roma-convegno-sul-card-van-thuan\/","title":{"rendered":"Roma: Congreso sobre el Card. Van Thuan"},"content":{"rendered":"<p><strong>La figura del Cardenal vietnamita Fran\u00e7ois Xavier Nguy\u00ean VAN THUAN ha sido recordada el 13 de junio del 2018, en un congreso internacional intitulado: \u201cEsperanza, Eucarist\u00eda, perd\u00f3n, amor: reflexi\u00f3n sobre la espiritualidad evang\u00e9lica \u2018asi\u00e1tica\u2019 del Venerable Card. Van Thuan hoy\u201d, llevado a cabo en la Pontificia Facultad teol\u00f3gica \u201cSan Buenaventura\u201d Seraphicum de Roma.<\/strong><\/p>\n<p>El evento, promovido por el <em>Franciscan Institute for Asian Theological Studies<\/em> (FIATS), fundado y presidido por el Director de la Pontificia Facultad Teol\u00f3gica \u201cSan Buenaventura\u201d de los Frailes Menores Conventuales en Roma, Fray Dinh Anh Nhue NGUYEN, ha concertado un numeroso p\u00fablico, particularmente compuesto por vietnamitas, que siempre han reconocido en su obispo un ejemplo de grande fe y valent\u00eda. El congreso, llevado a cabo a un a\u00f1o de haber sido nombrado \u201cvenerable\u201d, ha visto como expositores, adem\u00e1s del mismo Prof. NGUYEN (OFMConv), los profesores St\u00e9phane OPPES (OFM) y Fran\u00e7ois-Marie L\u00c9THEL (Carmelita).<br \/>\nUna espiritualidad, la del Cardenal VAN THUAN (1928-2002), que emerge con fuerza y extraordinaria coherencia durante el largo per\u00edodo de detenci\u00f3n extendido por 13 a\u00f1os, de los cuales 9 en aislamiento.<br \/>\nFray St\u00e9phane OPPES, recordando la elecci\u00f3n del lema episcopal \u201cGaudium et spes\u201d, ha evidenciado c\u00f3mo su historia \u201cllega a ser para todos un paradigma con el cual interpretar el profundo sentido de la constituci\u00f3n apost\u00f3lica Gaudium et spes y de aquellos brazos abiertos que tiene la santa madre Iglesia para con los hombres de hoy, sobre todo para con los pobres y todos los que sufren\u201d.<br \/>\nFray NGUYEN, en su intervenci\u00f3n sobre el tema \u201cPerd\u00f3n-Amor: observaciones introductorias sobre la lectura in-culturada del Evangelio en los ejercicios espirituales del Cardenal VAN THUAN\u201d, ha remarcado c\u00f3mo \u201cemerge la figura de un pensador que en las variadas vicisitudes de la vida, inclusive aquellas m\u00e1s tr\u00e1gicas de la prisi\u00f3n y el aislamiento, ha deseado y ha sabido nutrirse de la Palabra de Dios contenida en la Biblia y particularmente en los Evangelios, confront\u00e1ndola con las situaciones concretas de su camino de fe como vietnamita\u201d.<br \/>\nEl aspecto de la espiritualidad eucar\u00edstica del venerable VAN THUAN y la centralidad de la Eucarist\u00eda, ha sido analizado por Fray Fran\u00e7ois-Marie L\u00c9THEL, quien contase c\u00f3mo \u201cdesde el comienzo de su encarcelamiento lograr\u00eda conseguirse un poco de vino y un frasco de \u2018medicinas para el malestar estomacal\u2019, junto con peque\u00f1as hostias a escondidas. Pod\u00eda entonces celebrar la Misa cada d\u00eda con tres gotas de vino en la palma de una mano y un fragmento de hostia en la otra\u201d.<br \/>\nDe este congreso emerge un fuerte mensaje sobre la centralidad de la esperanza, del perd\u00f3n y del amor, sintetizada adem\u00e1s en sus palabras: \u201c\u00a1Descubrid el gozo de la esperanza!\u201d.<\/p>\n<p style=\"text-align: right;\">Elisabetta LO IACONO, Oficina de prensa Seraphicum<\/p>\nngg_shortcode_0_placeholder\n","protected":false},"excerpt":{"rendered":"<p>La figura del Cardenal vietnamita Fran\u00e7ois Xavier Nguy\u00ean VAN THUAN ha sido recordada el 13 de junio del 2018, en un congreso internacional intitulado: \u201cEsperanza, Eucarist\u00eda, perd\u00f3n, amor: reflexi\u00f3n sobre la espiritualidad evang\u00e9lica \u2018asi\u00e1tica\u2019 del Venerable Card. Van Thuan hoy\u201d, llevado a cabo en la Pontificia Facultad teol\u00f3gica \u201cSan Buenaventura\u201d Seraphicum de Roma. El evento, [&hellip;]<\/p>\n","protected":false},"author":1,"featured_media":7100,"comment_status":"closed","ping_status":"open","sticky":false,"template":"","format":"standard","meta":{"ngg_post_thumbnail":0,"footnotes":""},"categories":[150,142],"tags":[339,338],"class_list":["post-7108","post","type-post","status-publish","format-standard","has-post-thumbnail","category-noticias","category-secretaria-general","tag-casas-generalicias","tag-seraphicum-es"],"_links":{"self":[{"href":"https:\/\/www.ofmconv.net\/es\/wp-json\/wp\/v2\/posts\/7108","targetHints":{"allow":["GET"]}}],"collection":[{"href":"https:\/\/www.ofmconv.net\/es\/wp-json\/wp\/v2\/posts"}],"about":[{"href":"https:\/\/www.ofmconv.net\/es\/wp-json\/wp\/v2\/types\/post"}],"author":[{"embeddable":true,"href":"https:\/\/www.ofmconv.net\/es\/wp-json\/wp\/v2\/users\/1"}],"replies":[{"embeddable":true,"href":"https:\/\/www.ofmconv.net\/es\/wp-json\/wp\/v2\/comments?post=7108"}],"version-history":[{"count":0,"href":"https:\/\/www.ofmconv.net\/es\/wp-json\/wp\/v2\/posts\/7108\/revisions"}],"wp:featuredmedia":[{"embeddable":true,"href":"https:\/\/www.ofmconv.net\/es\/wp-json\/wp\/v2\/media\/7100"}],"wp:attachment":[{"href":"https:\/\/www.ofmconv.net\/es\/wp-json\/wp\/v2\/media?parent=7108"}],"wp:term":[{"taxonomy":"category","embeddable":true,"href":"https:\/\/www.ofmconv.net\/es\/wp-json\/wp\/v2\/categories?post=7108"},{"taxonomy":"post_tag","embeddable":true,"href":"https:\/\/www.ofmconv.net\/es\/wp-json\/wp\/v2\/tags?post=7108"}],"curies":[{"name":"wp","href":"https:\/\/api.w.org\/{rel}","templated":true}]}}