{"id":72318,"date":"2024-09-18T12:46:47","date_gmt":"2024-09-18T10:46:47","guid":{"rendered":"https:\/\/www.ofmconv.net\/francia-incontro-dei-frati-studenti-con-il-custode\/"},"modified":"2024-09-18T12:51:28","modified_gmt":"2024-09-18T10:51:28","slug":"francia-incontro-dei-frati-studenti-con-il-custode","status":"publish","type":"post","link":"https:\/\/www.ofmconv.net\/es\/francia-incontro-dei-frati-studenti-con-il-custode\/","title":{"rendered":"Francia: encuentro de los frailes estudiantes con el Custodio"},"content":{"rendered":"<p><strong>Desde hace varios a\u00f1os, el Custodio provincial de San Buenaventura en Francia y B\u00e9lgica, Fray Jean-Fran\u00e7ois Marie AUCLAIR, re\u00fane a los profesos temporales para un encuentro fraternal al final del verano. Es la ocasi\u00f3n de compartir con ellos el a\u00f1o transcurrido, la mayor parte en Italia, y de compartir la vida de la Custodia.<\/strong><\/p>\n<p>Para el encuentro de este a\u00f1o, del 26 de agosto al 2 de septiembre de 2024, aceptamos la invitaci\u00f3n del Card. Fran\u00e7ois BUSTILLO, nuestro Hermano, a descubrir C\u00f3rcega. Los participantes recibieron una calurosa acogida en cada ocasi\u00f3n. Los encuentros con el Vicario general de la Di\u00f3cesis, el P. Fr\u00e9d\u00e9ric CONSTANT, los sacerdotes y los laicos, les ayudaron a comprender c\u00f3mo la vida franciscana ha modelado la fe de la isla y sigue haci\u00e9ndolo hoy en d\u00eda. Aunque s\u00f3lo quedan unos pocos Hermanos capuchinos en la Provincia de Cerde\u00f1a-C\u00f3rcega, los visitantes se alegraron de conocer a la comunidad de Bastia. Los Hermanos explicaron la influencia de la espiritualidad franciscana en la piedad popular, en particular a trav\u00e9s de pr\u00e1cticas como el <em>V\u00eda Crucis<\/em> o la <em>Escalera Santa<\/em>, sin olvidar la devoci\u00f3n a San Antonio.<br \/>\nTambi\u00e9n el Card. Fran\u00e7ois comparti\u00f3 con nosotros su vida cotidiana dando testimonio de la belleza de su ministerio, pero mencionando tambi\u00e9n los retos a los que se enfrenta la Di\u00f3cesis. En varias ocasiones pudo encontrar tiempo para charlar con los participantes, demostrando el afecto que sigue teniendo por nuestra familia religiosa.<br \/>\nUno de los momentos oficiales de la visita fue la ceremonia de entrega de la \u201cL\u00e9gion d&#8217;Honneur\u201d. Este acto, que reuni\u00f3 a numerosas personalidades corsas de diferentes or\u00edgenes y funciones, fue un hermoso s\u00edmbolo de unidad. La presencia de los ocho Hermanos en el coraz\u00f3n de esta asamblea no pas\u00f3 desapercibida, especialmente cuando se cant\u00f3 la \u201cSalve Sancte Pater\u201d. Tras este himno, tuvo lugar un hermoso encuentro con el director del coro de <em>Sart\u00e8ne<\/em>, que preserva la herencia musical franciscana mediante el canto polif\u00f3nico. Durante la velada, hubo muchos intercambios enriquecedores, testimonio de la gratitud de los corsos hacia los franciscanos y el Cardenal.<br \/>\nEsta estancia fue un tiempo de contemplaci\u00f3n, de asombro, de descubrimiento de lugares magn\u00edficos, de reflexi\u00f3n sobre la presencia de la Iglesia en C\u00f3rcega y de una mejor comprensi\u00f3n de las realidades locales. Al final lleg\u00f3 el momento de abandonar C\u00f3rcega, con la promesa de volver el pr\u00f3ximo mes de marzo con algunos Hermanos y las reliquias de San Antonio, en el marco de una misi\u00f3n popular.<\/p>\n<p style=\"text-align: right;\">Fray Jean-Fran\u00e7ois Marie AUCLAIR.<\/p>\nngg_shortcode_0_placeholder\n","protected":false},"excerpt":{"rendered":"<p>Desde hace varios a\u00f1os, el Custodio provincial de San Buenaventura en Francia y B\u00e9lgica, Fray Jean-Fran\u00e7ois Marie AUCLAIR, re\u00fane a los profesos temporales para un encuentro fraternal al final del verano. Es la ocasi\u00f3n de compartir con ellos el a\u00f1o transcurrido, la mayor parte en Italia, y de compartir la vida de la Custodia. Para [&hellip;]<\/p>\n","protected":false},"author":1,"featured_media":72314,"comment_status":"closed","ping_status":"open","sticky":false,"template":"","format":"standard","meta":{"ngg_post_thumbnail":0,"footnotes":""},"categories":[133,116,150],"tags":[1302,1874,2516],"class_list":["post-72318","post","type-post","status-publish","format-standard","has-post-thumbnail","category-federaciones","category-fimp-es","category-noticias","tag-encuentro-fraterno","tag-francia-es","tag-francois-xavier-bustillo-es"],"_links":{"self":[{"href":"https:\/\/www.ofmconv.net\/es\/wp-json\/wp\/v2\/posts\/72318","targetHints":{"allow":["GET"]}}],"collection":[{"href":"https:\/\/www.ofmconv.net\/es\/wp-json\/wp\/v2\/posts"}],"about":[{"href":"https:\/\/www.ofmconv.net\/es\/wp-json\/wp\/v2\/types\/post"}],"author":[{"embeddable":true,"href":"https:\/\/www.ofmconv.net\/es\/wp-json\/wp\/v2\/users\/1"}],"replies":[{"embeddable":true,"href":"https:\/\/www.ofmconv.net\/es\/wp-json\/wp\/v2\/comments?post=72318"}],"version-history":[{"count":0,"href":"https:\/\/www.ofmconv.net\/es\/wp-json\/wp\/v2\/posts\/72318\/revisions"}],"wp:featuredmedia":[{"embeddable":true,"href":"https:\/\/www.ofmconv.net\/es\/wp-json\/wp\/v2\/media\/72314"}],"wp:attachment":[{"href":"https:\/\/www.ofmconv.net\/es\/wp-json\/wp\/v2\/media?parent=72318"}],"wp:term":[{"taxonomy":"category","embeddable":true,"href":"https:\/\/www.ofmconv.net\/es\/wp-json\/wp\/v2\/categories?post=72318"},{"taxonomy":"post_tag","embeddable":true,"href":"https:\/\/www.ofmconv.net\/es\/wp-json\/wp\/v2\/tags?post=72318"}],"curies":[{"name":"wp","href":"https:\/\/api.w.org\/{rel}","templated":true}]}}