{"id":74527,"date":"2024-10-25T13:24:41","date_gmt":"2024-10-25T11:24:41","guid":{"rendered":"https:\/\/www.ofmconv.net\/il-centro-missionario-al-g7\/"},"modified":"2024-10-25T13:28:00","modified_gmt":"2024-10-25T11:28:00","slug":"il-centro-missionario-al-g7","status":"publish","type":"post","link":"https:\/\/www.ofmconv.net\/es\/il-centro-missionario-al-g7\/","title":{"rendered":"El Centro Misionero en el G7"},"content":{"rendered":"<p><strong>El 23 de octubre de 2024 se celebr\u00f3 en Pescara-Italia la reuni\u00f3n del G7 de los Ministros de Asuntos Exteriores de los pa\u00edses m\u00e1s industrializados, en el contexto de \u201cla educaci\u00f3n, la cooperaci\u00f3n y la formaci\u00f3n para el desarrollo en \u00c1frica\u201d, a la que fueron invitados los responsables de las Misiones italianas que operan en el mundo.<\/strong><\/p>\n<p>La iniciativa con los misioneros fue deseada y organizada por el Ministro de Asuntos Exteriores, Antonio TAJANI, que destac\u00f3 el valioso papel de las Misiones en el mundo, \u201creconociendo la importancia del trabajo ejemplar de tantos hombres y mujeres de fe que realizan en los pa\u00edses en v\u00edas de desarrollo, contribuyendo al progreso humano de esas sociedades y construyendo la paz, la tolerancia y la inclusi\u00f3n. Les doy las gracias a ustedes, misioneros -concluy\u00f3 el Ministro-, porque son una tesela importante en el gran mosaico de la solidaridad en todos los rincones de la tierra y contribuyen como italianos al crecimiento y al desarrollo de muchas poblaciones\u201d.<br \/>\nAl encuentro se invit\u00f3 al Centro Misionero Franciscano Onlus FIMP (Federazione Intermediterranea Ministri Provinciali), que desempe\u00f1a un papel importante en siete pa\u00edses africanos (Zambia, Kenia, Uganda, Tanzania, Ghana, Burkina Faso y Malawi), y a algunos miembros de congregaciones religiosas y asociaciones caritativas que operan en tierras de misi\u00f3n.<br \/>\nEl acto cont\u00f3 con la presencia del Director del Centro Misionero, Fray Paolo FIASCONARO, junto con la Secretaria, Lorenza CASSANELLI, quienes, en nombre de la FIMP y de la Orden, llevan a cabo iniciativas de animaci\u00f3n entre los Hermanos y una intensa actividad de promoci\u00f3n a trav\u00e9s de proyectos y ayudas en favor de los misioneros OFMConv.<br \/>\nEn particular, se destac\u00f3 la gran labor de los misioneros italianos que han trabajado y trabajan en \u00c1frica, y se redact\u00f3 un documento dirigido a las autoridades gubernamentales e instituciones legislativas de los pa\u00edses del G7 \u201cpara apoyar las iniciativas educativas en el vasto continente africano\u201d.<br \/>\nAdem\u00e1s, entre las diversas instancias destacadas, el documento afirma que hoy en d\u00eda \u201c98 millones de ni\u00f1os en \u00c1frica no est\u00e1n escolarizados y el 86% de los mil millones de habitantes luchan por alcanzar la alfabetizaci\u00f3n b\u00e1sica a la edad de 10 a\u00f1os. Nos dirigimos a ustedes como interlocutores del G7 con las palabras de San Paolo VI: [&#8230;] despu\u00e9s de la oraci\u00f3n, la pol\u00edtica es la forma m\u00e1s elevada de caridad\u201d.<br \/>\nDurante la reuni\u00f3n, tambi\u00e9n se ley\u00f3 el mensaje del Papa Francisco al G7, en el que se destacaban las necesidades urgentes del continente africano de \u201cconstruir la promoci\u00f3n de una cultura del encuentro, abierta al di\u00e1logo respetuoso y a dar testimonio del Evangelio vivo de la caridad\u201d.<br \/>\nEl acto se cerr\u00f3 con algunos testimonios de misioneras y misioneros que viven en tierras lejanas, y se record\u00f3 a todos que \u201cla misi\u00f3n debe realizarse tambi\u00e9n en las distintas periferias existenciales del mundo\u201d.<\/p>\n<p style=\"text-align: right;\">Lorenza CASSANELLI, Secretaria del Centro Misionero.<\/p>\nngg_shortcode_0_placeholder\n","protected":false},"excerpt":{"rendered":"<p>El 23 de octubre de 2024 se celebr\u00f3 en Pescara-Italia la reuni\u00f3n del G7 de los Ministros de Asuntos Exteriores de los pa\u00edses m\u00e1s industrializados, en el contexto de \u201cla educaci\u00f3n, la cooperaci\u00f3n y la formaci\u00f3n para el desarrollo en \u00c1frica\u201d, a la que fueron invitados los responsables de las Misiones italianas que operan en [&hellip;]<\/p>\n","protected":false},"author":1,"featured_media":74523,"comment_status":"closed","ping_status":"open","sticky":false,"template":"","format":"standard","meta":{"ngg_post_thumbnail":0,"footnotes":""},"categories":[133,116,150],"tags":[817,1926],"class_list":["post-74527","post","type-post","status-publish","format-standard","has-post-thumbnail","category-federaciones","category-fimp-es","category-noticias","tag-centro-misionero","tag-centro-missionario-es"],"_links":{"self":[{"href":"https:\/\/www.ofmconv.net\/es\/wp-json\/wp\/v2\/posts\/74527","targetHints":{"allow":["GET"]}}],"collection":[{"href":"https:\/\/www.ofmconv.net\/es\/wp-json\/wp\/v2\/posts"}],"about":[{"href":"https:\/\/www.ofmconv.net\/es\/wp-json\/wp\/v2\/types\/post"}],"author":[{"embeddable":true,"href":"https:\/\/www.ofmconv.net\/es\/wp-json\/wp\/v2\/users\/1"}],"replies":[{"embeddable":true,"href":"https:\/\/www.ofmconv.net\/es\/wp-json\/wp\/v2\/comments?post=74527"}],"version-history":[{"count":0,"href":"https:\/\/www.ofmconv.net\/es\/wp-json\/wp\/v2\/posts\/74527\/revisions"}],"wp:featuredmedia":[{"embeddable":true,"href":"https:\/\/www.ofmconv.net\/es\/wp-json\/wp\/v2\/media\/74523"}],"wp:attachment":[{"href":"https:\/\/www.ofmconv.net\/es\/wp-json\/wp\/v2\/media?parent=74527"}],"wp:term":[{"taxonomy":"category","embeddable":true,"href":"https:\/\/www.ofmconv.net\/es\/wp-json\/wp\/v2\/categories?post=74527"},{"taxonomy":"post_tag","embeddable":true,"href":"https:\/\/www.ofmconv.net\/es\/wp-json\/wp\/v2\/tags?post=74527"}],"curies":[{"name":"wp","href":"https:\/\/api.w.org\/{rel}","templated":true}]}}