{"id":74610,"date":"2024-10-28T12:19:34","date_gmt":"2024-10-28T11:19:34","guid":{"rendered":"https:\/\/www.ofmconv.net\/barcellona-iniziativa-benefica-dei-frati-mananas-en-compania-per-i-poveri\/"},"modified":"2024-10-28T12:26:38","modified_gmt":"2024-10-28T11:26:38","slug":"barcellona-iniziativa-benefica-dei-frati-mananas-en-compania-per-i-poveri","status":"publish","type":"post","link":"https:\/\/www.ofmconv.net\/es\/barcellona-iniziativa-benefica-dei-frati-mananas-en-compania-per-i-poveri\/","title":{"rendered":"Barcelona: iniciativa caritativa de\u00a0los\u00a0Hermanos \u201cMa\u00f1anas en\u00a0compa\u00f1\u00eda\u201d con\u00a0los\u00a0pobres"},"content":{"rendered":"<p><strong>El 22 de octubre de 2024, el Centro Misionero Franciscano de la FIMP (Federazione Intermediterranea Ministri Provinciali), despu\u00e9s de haber participado en la Jornada Mundial de las Misiones en Barcelona \u2013 Espa\u00f1a, vivi\u00f3 con los Hermanos las \u201cma\u00f1anas en compa\u00f1\u00eda\u201d con los pobres del barrio, en el Centro Pastoral del Convento de San Francisco de As\u00eds, perteneciente a la Provincia de Nuestra Se\u00f1ora de Montserrat en Espa\u00f1a.<\/strong><\/p>\n<p>La iniciativa pastoral caritativa abierta a las personas indigentes de la ciudad catalana comenz\u00f3 hace 25 a\u00f1os, la llevan a cabo los Hermanos de la comunidad y se celebra todas las ma\u00f1anas de las 10:30 a las 13:00 horas, de lunes a viernes, y m\u00e1s de un centenar de personas son atendidas con una rica y abundante comida.<br \/>\nEl comedor, coordinado y animado por Fray Mariano RECIO RIOJA con la colaboraci\u00f3n puntual de los Hermanos de la comunidad, es atendido por 50 voluntarios de la iglesia del Convento que, en turnos de 10, preparan la comida a repartir, consistente en bocadillos rellenos, embutidos, dulces, leche, caf\u00e9, jugo de fruta y otros alimentos para llevar a casa.<br \/>\nAntes de la distribuci\u00f3n, Fray Mariano dirige un pensamiento espiritual a los voluntarios y, tras la oraci\u00f3n comunitaria, los invitados se acercan al comedor y permanecen toda la ma\u00f1ana en el gran sal\u00f3n y en el atrio del Convento. Durante la comida, los Hermanos escuchan las necesidades especiales de las personas, con la esperanza de resolver algunos de sus problemas, ofreci\u00e9ndoles palabras de consuelo y aliento humano y espiritual.<br \/>\nLos alimentos del comedor son recogidos por voluntarios entre benefactores y comerciantes, y parte de los mismos procede de los ahorros de la comunidad de los Hermanos. La meritoria labor implica tambi\u00e9n a los fieles del barrio, que no dejan de aportar lo necesario para mantener viva la iniciativa.<br \/>\nEn los d\u00edas precedentes, el Director del Centro Misionero Fray Paolo FIASCONARO, particip\u00f3 en la Jornada Mundial de las Misiones celebrada en la iglesia, con una Misa a las 20:00 horas presidida por el Ministro provincial Fray Juan Antonio AD\u00c1NEZ SILV\u00c1N y concelebrada por el Guardi\u00e1n local Fray Roberto LLORENTE PIZARRO, en una iglesia abarrotada de fieles, donde el Ministro inst\u00f3 a los presentes a despertar una fuerte sensibilidad misionera y de oraci\u00f3n por los Hermanos, que realizan una gran labor de promoci\u00f3n humana, cultural y espiritual en tierras de misi\u00f3n.<\/p>\n<p style=\"text-align: right;\">Fray Paolo FIASCONARO, Director del Centro Misionero.<\/p>\nngg_shortcode_0_placeholder\n","protected":false},"excerpt":{"rendered":"<p>El 22 de octubre de 2024, el Centro Misionero Franciscano de la FIMP (Federazione Intermediterranea Ministri Provinciali), despu\u00e9s de haber participado en la Jornada Mundial de las Misiones en Barcelona \u2013 Espa\u00f1a, vivi\u00f3 con los Hermanos las \u201cma\u00f1anas en compa\u00f1\u00eda\u201d con los pobres del barrio, en el Centro Pastoral del Convento de San Francisco de [&hellip;]<\/p>\n","protected":false},"author":1,"featured_media":74606,"comment_status":"closed","ping_status":"open","sticky":false,"template":"","format":"standard","meta":{"ngg_post_thumbnail":0,"footnotes":""},"categories":[133,116,150],"tags":[817,901],"class_list":["post-74610","post","type-post","status-publish","format-standard","has-post-thumbnail","category-federaciones","category-fimp-es","category-noticias","tag-espana"],"_links":{"self":[{"href":"https:\/\/www.ofmconv.net\/es\/wp-json\/wp\/v2\/posts\/74610","targetHints":{"allow":["GET"]}}],"collection":[{"href":"https:\/\/www.ofmconv.net\/es\/wp-json\/wp\/v2\/posts"}],"about":[{"href":"https:\/\/www.ofmconv.net\/es\/wp-json\/wp\/v2\/types\/post"}],"author":[{"embeddable":true,"href":"https:\/\/www.ofmconv.net\/es\/wp-json\/wp\/v2\/users\/1"}],"replies":[{"embeddable":true,"href":"https:\/\/www.ofmconv.net\/es\/wp-json\/wp\/v2\/comments?post=74610"}],"version-history":[{"count":0,"href":"https:\/\/www.ofmconv.net\/es\/wp-json\/wp\/v2\/posts\/74610\/revisions"}],"wp:featuredmedia":[{"embeddable":true,"href":"https:\/\/www.ofmconv.net\/es\/wp-json\/wp\/v2\/media\/74606"}],"wp:attachment":[{"href":"https:\/\/www.ofmconv.net\/es\/wp-json\/wp\/v2\/media?parent=74610"}],"wp:term":[{"taxonomy":"category","embeddable":true,"href":"https:\/\/www.ofmconv.net\/es\/wp-json\/wp\/v2\/categories?post=74610"},{"taxonomy":"post_tag","embeddable":true,"href":"https:\/\/www.ofmconv.net\/es\/wp-json\/wp\/v2\/tags?post=74610"}],"curies":[{"name":"wp","href":"https:\/\/api.w.org\/{rel}","templated":true}]}}