{"id":7520,"date":"2018-06-17T17:18:06","date_gmt":"2018-06-17T16:18:06","guid":{"rendered":"https:\/\/ofmconv.net\/kazakhstan-visita-fraterna-2\/"},"modified":"2018-07-05T17:25:08","modified_gmt":"2018-07-05T16:25:08","slug":"kazakhstan-visita-fraterna-2","status":"publish","type":"post","link":"https:\/\/www.ofmconv.net\/es\/kazakhstan-visita-fraterna-2\/","title":{"rendered":"Kazajist\u00e1n: visita fraterna"},"content":{"rendered":"<p><strong>Durante los d\u00edas 12 al 17 de junio del 2018, se ha llevado a cabo la visita fraterna del Ministro general Fray Marco TASCA y del Asistente general FEMO (Foederatio Europae Mediae et Orientalis) Fray Jacek CIUPI\u0143SKI a las fraternidades franciscanas de Astana en Kazajist\u00e1n.<\/strong><\/p>\n<p>Actualmente en este convento viven y prestan servicio pastoral tres frailes: Fray Mihael MAJETI\u010c (Provincia de San Jos\u00e9 en Eslovenia), Fray Pawe\u0142 BLOK (Provincia de San Maximiliano Kolbe en Polonia) y Fray Roberto PERETTI (Provincia italiana de San Antonio).<br \/>\nEl momento principal de la visita ha sido la celebraci\u00f3n de la Santa Misa en la solemnidad de San Antonio de Padua durante la cual, en presencia del Arzobispo de Astana Mons. Tomasz PETA, de las Hermanas de la Misericordia, de los parroquianos y amigos de los frailes, se festej\u00f3 el 10\u00ba aniversario de nuestra presencia en Kazajist\u00e1n y el 50\u00ba aniversario de vida religiosa de Fray Roberto PERETTI. Despu\u00e9s de la solemne celebraci\u00f3n se llev\u00f3 a cabo un concierto musical, durante el cual se presentaron algunos estudiantes de Fray Roberto. El \u00faltimo momento de la fiesta fue la convivencia fraterna con todos los invitados.<br \/>\nM\u00e1s all\u00e1 de los festejos, la visita ha servido para poder conocer mejor la vida de nuestros frailes en Astana y para recoger datos para programar mejor el futuro de esta misi\u00f3n de la Orden.<br \/>\nHa sido tambi\u00e9n una ocasi\u00f3n para poder encontrar personalmente al Nuncio de la Santa Sede en Kazajist\u00e1n Mons. Francis Assisi CHULLIKATT y al Arzobispo de Astana Mons. Tomasz PETA. Durante la visita, los invitados junto con los frailes de Kazajist\u00e1n han visitado el memorial de Malinowka, donde en tiempos del terror comunista se encontraba el gulag m\u00e1s grande de la Uni\u00f3n Sovi\u00e9tica para las mujeres \u201cesposas de los enemigos del pueblo\u201d.<br \/>\nDespu\u00e9s de la partida del Ministro general, el Asistente general Fray Jacek y gracias a la gu\u00eda de Fray Pawe\u0142, ha tenido la oportunidad de visitar algunas parroquias de la Arquidi\u00f3cesis de Astana y el Santuario nacional de Oziornoje.<\/p>\n<p style=\"text-align: right;\">Fray Jacek CIUPI\u0143SKI, Asistente general FEMO<\/p>\nngg_shortcode_0_placeholder\n","protected":false},"excerpt":{"rendered":"<p>Durante los d\u00edas 12 al 17 de junio del 2018, se ha llevado a cabo la visita fraterna del Ministro general Fray Marco TASCA y del Asistente general FEMO (Foederatio Europae Mediae et Orientalis) Fray Jacek CIUPI\u0143SKI a las fraternidades franciscanas de Astana en Kazajist\u00e1n. Actualmente en este convento viven y prestan servicio pastoral tres [&hellip;]<\/p>\n","protected":false},"author":1,"featured_media":7512,"comment_status":"closed","ping_status":"open","sticky":false,"template":"","format":"standard","meta":{"ngg_post_thumbnail":0,"footnotes":""},"categories":[133,114,150],"tags":[1027,424,440],"class_list":["post-7520","post","type-post","status-publish","format-standard","has-post-thumbnail","category-federaciones","category-femo-es","category-noticias","tag-kazajistan","tag-ministro-general","tag-visita-fraterna"],"_links":{"self":[{"href":"https:\/\/www.ofmconv.net\/es\/wp-json\/wp\/v2\/posts\/7520","targetHints":{"allow":["GET"]}}],"collection":[{"href":"https:\/\/www.ofmconv.net\/es\/wp-json\/wp\/v2\/posts"}],"about":[{"href":"https:\/\/www.ofmconv.net\/es\/wp-json\/wp\/v2\/types\/post"}],"author":[{"embeddable":true,"href":"https:\/\/www.ofmconv.net\/es\/wp-json\/wp\/v2\/users\/1"}],"replies":[{"embeddable":true,"href":"https:\/\/www.ofmconv.net\/es\/wp-json\/wp\/v2\/comments?post=7520"}],"version-history":[{"count":0,"href":"https:\/\/www.ofmconv.net\/es\/wp-json\/wp\/v2\/posts\/7520\/revisions"}],"wp:featuredmedia":[{"embeddable":true,"href":"https:\/\/www.ofmconv.net\/es\/wp-json\/wp\/v2\/media\/7512"}],"wp:attachment":[{"href":"https:\/\/www.ofmconv.net\/es\/wp-json\/wp\/v2\/media?parent=7520"}],"wp:term":[{"taxonomy":"category","embeddable":true,"href":"https:\/\/www.ofmconv.net\/es\/wp-json\/wp\/v2\/categories?post=7520"},{"taxonomy":"post_tag","embeddable":true,"href":"https:\/\/www.ofmconv.net\/es\/wp-json\/wp\/v2\/tags?post=7520"}],"curies":[{"name":"wp","href":"https:\/\/api.w.org\/{rel}","templated":true}]}}