{"id":7571,"date":"2018-06-26T08:38:11","date_gmt":"2018-06-26T07:38:11","guid":{"rendered":"https:\/\/ofmconv.net\/romania-capitolo-spirituale\/"},"modified":"2018-07-06T08:49:27","modified_gmt":"2018-07-06T07:49:27","slug":"romania-capitolo-spirituale","status":"publish","type":"post","link":"https:\/\/www.ofmconv.net\/es\/romania-capitolo-spirituale\/","title":{"rendered":"Rumania: Cap\u00edtulo espiritual"},"content":{"rendered":"<p><strong>Lo d\u00edas 25-26 de junio (90 frailes) y 2-3 de julio (55 frailes) del 2018 en Roman, la Provincia San Jos\u00e9 Esposo de la B.V.M. en Rumania, ha celebrado el Cap\u00edtulo espiritual con el tema: \u201cEl Se\u00f1or me dio hermanos\u201d (Testamento de San Francisco n. 14).<\/strong><\/p>\n<p>Las reflexiones base fueron compartidas por Fray Giovanni SALONIA OFMCap (para el primer grupo) y por Fray Emiliano STRINO OFMCap (para el segundo grupo). Sus intervenciones desarrollaron tres puntos: el ideal de Francisco tal y como emerge de sus escritos, los obst\u00e1culos que nos impiden vivir serenamente en la fraternidad y las soluciones pr\u00e1cticas para superar las dificultades de la fraternidad.<br \/>\nEn el largo camino para crear una fraternidad que corresponda a nuestro deseo de felicidad, es menester formarse una mirada de fe para interpretar la realidad de la vida comunitaria, apuntando no sobre el \u201cc\u00f3mo\u201d deber\u00eda ser la fraternidad, de la cual Francisco nunca habl\u00f3 (seg\u00fan la comprendemos hoy), sino sobre el \u201cc\u00f3mo\u201d hemos sido llamados por Dios a ser frailes, un don (frecuentemente rodeado de tantas dificultades) del uno para el otro. Los principales obst\u00e1culos del ser hermanos (el narcisismo, la envidia, los celos) pueden superarse con la humildad, meditando acerca de la propia vida (fr\u00e1gil), esforz\u00e1ndose en mirar al hermano con ojos de fe, a sabiendas que la verdad no existe sin la caridad, buscando descubrir siempre m\u00e1s el valor afectivo de la vida espiritual. Este camino es largo, pero la gracia de Dios es abundante.<\/p>\n<p style=\"text-align: right;\">Fray Cristian CLOPO\u021aEL<\/p>\nngg_shortcode_0_placeholder\n","protected":false},"excerpt":{"rendered":"<p>Lo d\u00edas 25-26 de junio (90 frailes) y 2-3 de julio (55 frailes) del 2018 en Roman, la Provincia San Jos\u00e9 Esposo de la B.V.M. en Rumania, ha celebrado el Cap\u00edtulo espiritual con el tema: \u201cEl Se\u00f1or me dio hermanos\u201d (Testamento de San Francisco n. 14). Las reflexiones base fueron compartidas por Fray Giovanni SALONIA [&hellip;]<\/p>\n","protected":false},"author":1,"featured_media":7563,"comment_status":"closed","ping_status":"open","sticky":false,"template":"","format":"standard","meta":{"ngg_post_thumbnail":0,"footnotes":""},"categories":[133,116,150],"tags":[198,1051,1049,210],"class_list":["post-7571","post","type-post","status-publish","format-standard","has-post-thumbnail","category-federaciones","category-fimp-es","category-noticias","tag-capitulo","tag-capitulo-espiritual","tag-roman-es","tag-rumania"],"_links":{"self":[{"href":"https:\/\/www.ofmconv.net\/es\/wp-json\/wp\/v2\/posts\/7571","targetHints":{"allow":["GET"]}}],"collection":[{"href":"https:\/\/www.ofmconv.net\/es\/wp-json\/wp\/v2\/posts"}],"about":[{"href":"https:\/\/www.ofmconv.net\/es\/wp-json\/wp\/v2\/types\/post"}],"author":[{"embeddable":true,"href":"https:\/\/www.ofmconv.net\/es\/wp-json\/wp\/v2\/users\/1"}],"replies":[{"embeddable":true,"href":"https:\/\/www.ofmconv.net\/es\/wp-json\/wp\/v2\/comments?post=7571"}],"version-history":[{"count":0,"href":"https:\/\/www.ofmconv.net\/es\/wp-json\/wp\/v2\/posts\/7571\/revisions"}],"wp:featuredmedia":[{"embeddable":true,"href":"https:\/\/www.ofmconv.net\/es\/wp-json\/wp\/v2\/media\/7563"}],"wp:attachment":[{"href":"https:\/\/www.ofmconv.net\/es\/wp-json\/wp\/v2\/media?parent=7571"}],"wp:term":[{"taxonomy":"category","embeddable":true,"href":"https:\/\/www.ofmconv.net\/es\/wp-json\/wp\/v2\/categories?post=7571"},{"taxonomy":"post_tag","embeddable":true,"href":"https:\/\/www.ofmconv.net\/es\/wp-json\/wp\/v2\/tags?post=7571"}],"curies":[{"name":"wp","href":"https:\/\/api.w.org\/{rel}","templated":true}]}}