{"id":77818,"date":"2025-01-29T13:13:07","date_gmt":"2025-01-29T12:13:07","guid":{"rendered":"https:\/\/www.ofmconv.net\/la-xxxiv-assemblea-missionaria-con-gli-animatori-pellegrini-di-speranza\/"},"modified":"2025-01-29T13:18:57","modified_gmt":"2025-01-29T12:18:57","slug":"la-xxxiv-assemblea-missionaria-con-gli-animatori-pellegrini-di-speranza","status":"publish","type":"post","link":"https:\/\/www.ofmconv.net\/es\/la-xxxiv-assemblea-missionaria-con-gli-animatori-pellegrini-di-speranza\/","title":{"rendered":"XXXIV Asamblea Misionera con los Animadores \u201cPeregrinos de esperanza\u201d"},"content":{"rendered":"<p><strong>La Asamblea Misionera anual, que este a\u00f1o ten\u00eda como lema \u201c<em>Misioneros por vocaci\u00f3n, libres para servir, peregrinos de esperanza<\/em>\u201d, fue organizada por el Centro Misionero Franciscano de la FIMP (Federazione Intermediterranea Ministri Provinciali) del 20 al 23 de enero de 2025 en el Seraphicum de Roma.<\/strong><\/p>\n<p>Al encuentro asistieron los animadores misioneros de las jurisdicciones de la FIMP de Italia, Polonia, Espa\u00f1a y Ruman\u00eda, junto con algunos colaboradores laicos de los hermanos de los centros misioneros locales.<br \/>\nLas intensas jornadas estuvieron salpicadas de momentos de oraci\u00f3n y reflexi\u00f3n, con cuatro ponentes que propusieron a la asamblea temas ricos en ideas y centrados en vivir un camino de fe, manteniendo las puertas abiertas con el coraz\u00f3n y la mente en compa\u00f1\u00eda de la virtud de la esperanza, servidora de la fe y la caridad.<br \/>\nEl primer d\u00eda, el profesor Marco BARTOLI, experto en franciscanismo y miembro laico de la Comunidad de San Egidio, traz\u00f3, con referencias b\u00edblicas y v\u00ednculos con las Fuentes franciscanas, el camino de San Francisco, testigo y ejemplo vivo de un \u201cmisionero abierto al mundo y a los desaf\u00edos de su tiempo\u201d.<br \/>\nPor la tarde, el Hermano rumano Fray Marius-Petru B\u00ceLHA, Misionero de la Misericordia desde hace algunos a\u00f1os en Honduras, Bolivia y Colombia, en su informe invit\u00f3 a los Animadores a ser la \u201cIglesia del delantal\u201d (Don Tonino Bello) para vivir la itinerancia en modo creativo, con un estilo franciscano y \u201cevangelizando con el coraz\u00f3n\u201d.<br \/>\nEl segundo d\u00eda comenz\u00f3 con la participaci\u00f3n de los asistentes en el Aula Pablo VI en Audiencia con el Papa Francisco. Inmediatamente despu\u00e9s, acogidos en el Convento Vaticano por el Rector del Colegio de Penitenciarios Fray Vincenzo COSATTI, el Asistente general de la FIMP Fray Giovanni VOLTAN puso a los participantes en un clima de expectaci\u00f3n y preparaci\u00f3n para la entrada por la Puerta Santa, con una interesante lectura vivencial de la <em>Bula de Convocaci\u00f3n del Jubileo<\/em> del Papa Francisco \u201c<em>Spes non confundit<\/em>\u201d.<br \/>\nTras la pausa para el almuerzo, a las 15:00 horas, precedida por la Cruz del Jubileo, la peregrinaci\u00f3n a pie por la <em>V\u00eda de la Conciliaci\u00f3n, <\/em>cantando y orando, atraves\u00f3 la Puerta Santa de San Pedro hasta la recitaci\u00f3n del Credo y la Bendici\u00f3n con la Cruz ante la Tumba de San Pedro.<br \/>\nEl tercer d\u00eda, el Secretario general para la Animaci\u00f3n misionera Fray Dariusz MAZUREK, ilustr\u00f3 con aplicaciones concretas y carism\u00e1ticas la necesidad de \u201cmantener las puertas de nuestras vidas abiertas y de par en par a la misi\u00f3n\u201d como actitud de adhesi\u00f3n a Cristo que camina en el compromiso misionero y en la historia cotidiana con cada uno de nosotros.<br \/>\nLas liturgias comunitarias fueron presididas por el Vicario general Fray Jan MACIEJOWSKI, el Asistente general FIMP Fray Giovanni VOLTAN y Fray Paul LIU originario de China.<br \/>\nLa Asamblea culmin\u00f3 con la apertura oficial del centenario de la Misi\u00f3n en China (1925\/2025) y la presentaci\u00f3n del libro escrito por Fray Paolo FIASCONARO y Fray Matteo LUO, que relata los acontecimientos hist\u00f3ricos que precedieron a la apertura de la Misi\u00f3n y la vida y actividades de los Conventuales en suelo chino durante sus 27 a\u00f1os de presencia, de 1925 a 1952.<\/p>\n<p style=\"text-align: right;\">Fray Paolo FIASCONARO, Director Centro Misionero FIMP.<\/p>\nngg_shortcode_0_placeholder\n","protected":false},"excerpt":{"rendered":"<p>La Asamblea Misionera anual, que este a\u00f1o ten\u00eda como lema \u201cMisioneros por vocaci\u00f3n, libres para servir, peregrinos de esperanza\u201d, fue organizada por el Centro Misionero Franciscano de la FIMP (Federazione Intermediterranea Ministri Provinciali) del 20 al 23 de enero de 2025 en el Seraphicum de Roma. Al encuentro asistieron los animadores misioneros de las jurisdicciones [&hellip;]<\/p>\n","protected":false},"author":1,"featured_media":77814,"comment_status":"closed","ping_status":"open","sticky":false,"template":"","format":"standard","meta":{"ngg_post_thumbnail":0,"footnotes":""},"categories":[133,116,150,128],"tags":[3000,817],"class_list":["post-77818","post","type-post","status-publish","format-standard","has-post-thumbnail","category-federaciones","category-fimp-es","category-noticias","category-sgam-es","tag-asamblea-misionera","tag-centro-misionero"],"_links":{"self":[{"href":"https:\/\/www.ofmconv.net\/es\/wp-json\/wp\/v2\/posts\/77818","targetHints":{"allow":["GET"]}}],"collection":[{"href":"https:\/\/www.ofmconv.net\/es\/wp-json\/wp\/v2\/posts"}],"about":[{"href":"https:\/\/www.ofmconv.net\/es\/wp-json\/wp\/v2\/types\/post"}],"author":[{"embeddable":true,"href":"https:\/\/www.ofmconv.net\/es\/wp-json\/wp\/v2\/users\/1"}],"replies":[{"embeddable":true,"href":"https:\/\/www.ofmconv.net\/es\/wp-json\/wp\/v2\/comments?post=77818"}],"version-history":[{"count":0,"href":"https:\/\/www.ofmconv.net\/es\/wp-json\/wp\/v2\/posts\/77818\/revisions"}],"wp:featuredmedia":[{"embeddable":true,"href":"https:\/\/www.ofmconv.net\/es\/wp-json\/wp\/v2\/media\/77814"}],"wp:attachment":[{"href":"https:\/\/www.ofmconv.net\/es\/wp-json\/wp\/v2\/media?parent=77818"}],"wp:term":[{"taxonomy":"category","embeddable":true,"href":"https:\/\/www.ofmconv.net\/es\/wp-json\/wp\/v2\/categories?post=77818"},{"taxonomy":"post_tag","embeddable":true,"href":"https:\/\/www.ofmconv.net\/es\/wp-json\/wp\/v2\/tags?post=77818"}],"curies":[{"name":"wp","href":"https:\/\/api.w.org\/{rel}","templated":true}]}}