{"id":77987,"date":"2025-02-03T12:50:05","date_gmt":"2025-02-03T11:50:05","guid":{"rendered":"https:\/\/www.ofmconv.net\/udienza-papale-per-gpic\/"},"modified":"2025-02-03T12:53:31","modified_gmt":"2025-02-03T11:53:31","slug":"udienza-papale-per-gpic","status":"publish","type":"post","link":"https:\/\/www.ofmconv.net\/es\/udienza-papale-per-gpic\/","title":{"rendered":"Audiencia Papal dedicada a JPIC"},"content":{"rendered":"<p><strong>El 30 de enero de 2025, el Papa Francisco recibi\u00f3 en el Palacio Apost\u00f3lico Vaticano a una peque\u00f1a delegaci\u00f3n del Movimiento <em>Laudato Si&#8217;<\/em>, de la Uni\u00f3n de Superiores Generales y de la Uni\u00f3n Internacional de Superiores Generales, as\u00ed como a<em> Roman VI<\/em> (delegados de JPIC para la Familia Franciscana).<\/strong><\/p>\n<p>Fray Michael LASKY represent\u00f3 a <em>Roman VI<\/em>. La delegaci\u00f3n, compuesta por doce miembros, tuvo la oportunidad de discutir con el Santo Padre sobre la posibilidad de celebrar el Jubileo 2025, el VIII Centenario del <em>C\u00e1ntico de las Creaturas<\/em> de San Francisco y el 10.\u00ba aniversario de la enc\u00edclica <em>Laudato si&#8217;<\/em> del Papa Francisco.<\/p>\n<p style=\"text-align: right;\">Fray Michael LASKY, Delegado general de Justicia, Paz e Integridad de la Creaci\u00f3n (JPIC).<\/p>\nngg_shortcode_0_placeholder\n","protected":false},"excerpt":{"rendered":"<p>El 30 de enero de 2025, el Papa Francisco recibi\u00f3 en el Palacio Apost\u00f3lico Vaticano a una peque\u00f1a delegaci\u00f3n del Movimiento Laudato Si&#8217;, de la Uni\u00f3n de Superiores Generales y de la Uni\u00f3n Internacional de Superiores Generales, as\u00ed como a Roman VI (delegados de JPIC para la Familia Franciscana). Fray Michael LASKY represent\u00f3 a Roman [&hellip;]<\/p>\n","protected":false},"author":1,"featured_media":77983,"comment_status":"closed","ping_status":"open","sticky":false,"template":"","format":"standard","meta":{"ngg_post_thumbnail":0,"footnotes":""},"categories":[121,150,136],"tags":[313,1571],"class_list":["post-77987","post","type-post","status-publish","format-standard","has-post-thumbnail","category-gpic-es","category-noticias","category-oficinas-generales","tag-papa-francisco","tag-vaticano-pl-es"],"_links":{"self":[{"href":"https:\/\/www.ofmconv.net\/es\/wp-json\/wp\/v2\/posts\/77987","targetHints":{"allow":["GET"]}}],"collection":[{"href":"https:\/\/www.ofmconv.net\/es\/wp-json\/wp\/v2\/posts"}],"about":[{"href":"https:\/\/www.ofmconv.net\/es\/wp-json\/wp\/v2\/types\/post"}],"author":[{"embeddable":true,"href":"https:\/\/www.ofmconv.net\/es\/wp-json\/wp\/v2\/users\/1"}],"replies":[{"embeddable":true,"href":"https:\/\/www.ofmconv.net\/es\/wp-json\/wp\/v2\/comments?post=77987"}],"version-history":[{"count":0,"href":"https:\/\/www.ofmconv.net\/es\/wp-json\/wp\/v2\/posts\/77987\/revisions"}],"wp:featuredmedia":[{"embeddable":true,"href":"https:\/\/www.ofmconv.net\/es\/wp-json\/wp\/v2\/media\/77983"}],"wp:attachment":[{"href":"https:\/\/www.ofmconv.net\/es\/wp-json\/wp\/v2\/media?parent=77987"}],"wp:term":[{"taxonomy":"category","embeddable":true,"href":"https:\/\/www.ofmconv.net\/es\/wp-json\/wp\/v2\/categories?post=77987"},{"taxonomy":"post_tag","embeddable":true,"href":"https:\/\/www.ofmconv.net\/es\/wp-json\/wp\/v2\/tags?post=77987"}],"curies":[{"name":"wp","href":"https:\/\/api.w.org\/{rel}","templated":true}]}}