{"id":79810,"date":"2025-03-31T13:19:23","date_gmt":"2025-03-31T11:19:23","guid":{"rendered":"https:\/\/www.ofmconv.net\/animazione-missionaria-nei-capitoli-provinciali-nelle-case-di-formazione-e-in-vaticano\/"},"modified":"2025-03-31T13:24:33","modified_gmt":"2025-03-31T11:24:33","slug":"animazione-missionaria-nei-capitoli-provinciali-nelle-case-di-formazione-e-in-vaticano","status":"publish","type":"post","link":"https:\/\/www.ofmconv.net\/es\/animazione-missionaria-nei-capitoli-provinciali-nelle-case-di-formazione-e-in-vaticano\/","title":{"rendered":"Animaci\u00f3n Misionera en los Cap\u00edtulos provinciales, en las Casas de formaci\u00f3n y en el Vaticano"},"content":{"rendered":"<p><strong>Durante los meses de febrero y marzo de 2025, el libro \u201cChina &#8211; La Aurora Misionera\u201d, publicado con motivo del Centenario de la apertura de la Misi\u00f3n OFMConv en China (1925-2025), se present\u00f3 y don\u00f3 a los Hermanos durante la celebraci\u00f3n de cuatro Cap\u00edtulos provinciales.<\/strong><\/p>\n<p>El libro, que cuenta con un pr\u00f3logo del Cardenal Pietro Parolin y una presentaci\u00f3n del Ministro general Fray Carlos A. Trovarelli, fue editado por el Centro Misionero Franciscano de la FIMP (Federazione Intermediterranea Ministri Provinciali) y escrito por Fray Paolo Fiasconaro, que se encarg\u00f3 de la parte hist\u00f3rica, y Fray Matteo Luo, que narra la vida y las actividades de los Hermanos en China durante los 27 a\u00f1os de su presencia (1925-1952).<br \/>\nEl libro pretende conmemorar un acontecimiento de gracia que la Orden de Hermanos Menores Conventuales vive en este a\u00f1o, en recuerdo del primer siglo de historia misionera que comenz\u00f3 en China en 1925 y contin\u00faa hasta hoy.<br \/>\nEn efecto, fue el 31 de julio de 1925 cuando ocho Hermanos italianos (seis sardos, un siciliano y un toscano) partieron hacia Extremo Oriente para fundar la Orden en aquellas lejanas tierras. Una semilla sembrada hace cien a\u00f1os por una intuici\u00f3n prof\u00e9tica de los Ministros generales de la Orden, Fray Domenico TAVANI y Fray Alfonso ORLINI, en el Cap\u00edtulo general celebrado en Roma en 1924, que marc\u00f3 un punto de inflexi\u00f3n en la andadura misionera de la Orden, se desarroll\u00f3 a lo largo del siglo XX y hoy los Hermanos misioneros conventuales est\u00e1n presentes en 40 pa\u00edses de todo el mundo.<br \/>\nEl aniversario es tambi\u00e9n una oportunidad para animar a todos los Hermanos a reavivar el esp\u00edritu misionero que debe impregnar toda acci\u00f3n pastoral \u201centre y con la gente\u201d y en el seno de las fraternidades, siguiendo el ejemplo del ser\u00e1fico San Francisco y guiados por el Magisterio del Papa Francisco, que \u201csue\u00f1a con una Iglesia misionera\u201d en sus estructuras y en toda acci\u00f3n pastoral.<br \/>\nEl volumen evoca tambi\u00e9n un periodo hist\u00f3rico dif\u00edcil que precedi\u00f3 a la apertura de la misi\u00f3n en China, tras los tristes acontecimientos del siglo XIX con las dos supresiones de bienes eclesi\u00e1sticos, la Primera Guerra Mundial y la reducci\u00f3n a cero del n\u00famero de Hermanos Conventuales. Sin embargo, la Orden pudo resurgir y naci\u00f3 un florecimiento vocacional que poco a poco dio sus frutos, y la misi\u00f3n de China sigue siendo el hito que inaugur\u00f3 la aventura misionera del siglo.<br \/>\nEl Director del Centro Misionero ya se ha reunido con algunos Hermanos durante los Cap\u00edtulos de las siguientes Provincias italianas: la Provincia italiana de San Antonio de Padua (norte de Italia), el 20 de febrero de 2025; la Provincia italiana de San Francisco de As\u00eds (centro de Italia), el 5 de marzo; la Provincia italiana de la Inmaculada Concepci\u00f3n (Calabria y Sicilia), el 11 de marzo; y la Custodia general del Sacro Convento de San Francisco de As\u00eds en Italia, el 26 de marzo. Posteriormente, se celebrar\u00e1n reuniones con la Provincia del Ser\u00e1fico Padre San Francisco en Italia (N\u00e1poles), la Provincia italiana de San Jos\u00e9 de Cupertino (Abruzos-Molise y Apulia) y durante el 203.\u00ba Cap\u00edtulo general, en junio de 2025.<br \/>\nEn abril y mayo de 2025 se visitar\u00e1n tambi\u00e9n las Casas de formaci\u00f3n de la FIMP de <em>Osimo<\/em> y <em>Nocera Inferiore<\/em>, las Casas generales de Roma y la comunidad del <em>Seraphicum<\/em>.<br \/>\nPor \u00faltimo, recordamos que el martes 25 de marzo de 2025, el Director del Centro acudi\u00f3 a la Secretar\u00eda de Estado para entregar el volumen al Cardenal Pietro PAROLIN. Durante la audiencia, el Cardenal PAROLIN felicit\u00f3 a la Orden por el acontecimiento y exhort\u00f3 a los Hermanos a vivir el Centenario \u201cno como un recuerdo del pasado, sino como un renacimiento espiritual de la Orden de los Conventuales\u201d, como leemos en el pr\u00f3logo.<\/p>\n<p style=\"text-align: right;\">Fray Paolo FIASCONARO, Director del Centro Misionero Franciscano de la FIMP.<\/p>\nngg_shortcode_0_placeholder\n","protected":false},"excerpt":{"rendered":"<p>Durante los meses de febrero y marzo de 2025, el libro \u201cChina &#8211; La Aurora Misionera\u201d, publicado con motivo del Centenario de la apertura de la Misi\u00f3n OFMConv en China (1925-2025), se present\u00f3 y don\u00f3 a los Hermanos durante la celebraci\u00f3n de cuatro Cap\u00edtulos provinciales. El libro, que cuenta con un pr\u00f3logo del Cardenal Pietro [&hellip;]<\/p>\n","protected":false},"author":1,"featured_media":79806,"comment_status":"closed","ping_status":"open","sticky":false,"template":"","format":"standard","meta":{"ngg_post_thumbnail":0,"footnotes":""},"categories":[133,116,150],"tags":[715,817],"class_list":["post-79810","post","type-post","status-publish","format-standard","has-post-thumbnail","category-federaciones","category-fimp-es","category-noticias","tag-animacion-misionera","tag-centro-misionero"],"_links":{"self":[{"href":"https:\/\/www.ofmconv.net\/es\/wp-json\/wp\/v2\/posts\/79810","targetHints":{"allow":["GET"]}}],"collection":[{"href":"https:\/\/www.ofmconv.net\/es\/wp-json\/wp\/v2\/posts"}],"about":[{"href":"https:\/\/www.ofmconv.net\/es\/wp-json\/wp\/v2\/types\/post"}],"author":[{"embeddable":true,"href":"https:\/\/www.ofmconv.net\/es\/wp-json\/wp\/v2\/users\/1"}],"replies":[{"embeddable":true,"href":"https:\/\/www.ofmconv.net\/es\/wp-json\/wp\/v2\/comments?post=79810"}],"version-history":[{"count":0,"href":"https:\/\/www.ofmconv.net\/es\/wp-json\/wp\/v2\/posts\/79810\/revisions"}],"wp:featuredmedia":[{"embeddable":true,"href":"https:\/\/www.ofmconv.net\/es\/wp-json\/wp\/v2\/media\/79806"}],"wp:attachment":[{"href":"https:\/\/www.ofmconv.net\/es\/wp-json\/wp\/v2\/media?parent=79810"}],"wp:term":[{"taxonomy":"category","embeddable":true,"href":"https:\/\/www.ofmconv.net\/es\/wp-json\/wp\/v2\/categories?post=79810"},{"taxonomy":"post_tag","embeddable":true,"href":"https:\/\/www.ofmconv.net\/es\/wp-json\/wp\/v2\/tags?post=79810"}],"curies":[{"name":"wp","href":"https:\/\/api.w.org\/{rel}","templated":true}]}}