{"id":80610,"date":"2025-05-02T13:28:21","date_gmt":"2025-05-02T11:28:21","guid":{"rendered":"https:\/\/www.ofmconv.net\/seraphicum-nuovi-lettori-e-accoliti\/"},"modified":"2025-05-02T13:33:22","modified_gmt":"2025-05-02T11:33:22","slug":"seraphicum-nuovi-lettori-e-accoliti","status":"publish","type":"post","link":"https:\/\/www.ofmconv.net\/es\/seraphicum-nuovi-lettori-e-accoliti\/","title":{"rendered":"Seraphicum: nuevos lectores y ac\u00f3litos"},"content":{"rendered":"<p><strong>El martes 29 de abril de 2025, en la Misa de las 19:00 h presidida por el Vicario general, Fray Jan MACIEJOWSKI, fueron instituidos nuevos lectores y ac\u00f3litos.<\/strong><\/p>\n<p>Recibieron el Lectorado: Fray Francesco IANNELLO de la Provincia Italiana de la Inmaculada Concepci\u00f3n (Sicilia y Calabria), Fray Binson THOMAS MULAVARICKAL y Fray Antony KUZHUVELIL XAVIER de la Provincia de San Maximiliano M. Kolbe en la India, Fray Filip BU\u015aKO de la Provincia de San Antonio y del Beato Jacobo de Strepa en Polonia (Cracovia), Fray Wesley Kiplangat CHERUIYOT y Fray Ben Antony Mbeki OWINO de la Provincia de San Francisco de As\u00eds en Kenia, Fray Justice Kwame YALLEY y Fray Dennis Dei AGYEKUM de la Custodia provincial de San Antonio de Padua en Ghana, Fray Honor\u00e9 Kionbi KABORE de la Delegaci\u00f3n provincial en Burkina Faso, Fray Jovan Joseph LUBOWA de la Delegaci\u00f3n provincial en Uganda.<br \/>\nRecibieron el Acolitado: Fray Julius BANDA de la Provincia de los Santos Protom\u00e1rtires Franciscanos en Zambia, Fray Samuel Thiong&#8217;o KINYUA y Fray John Mutisya MUTUKU de la Provincia en Kenia, Fray Tuna Jacob MANTRY y Fray Jubin JACOB THEKKEL de la Provincia en India, Fray Deus MUGALU de la Delegaci\u00f3n en Uganda, Fray H\u00e9ctor Manuel CORBAL CRUZ de la Delegaci\u00f3n provincial en Cuba, Fray Vasile PERICIC\u0102 de la Provincia de San Jos\u00e9, Esposo de la Bienaventurada Virgen Mar\u00eda en Ruman\u00eda y Fray Emmanuel ROUX de la Custodia provincial de San Buenaventura en Francia y B\u00e9lgica).<br \/>\nEstos dos ministerios constituyen dos etapas significativas en el camino hacia el presbiterado, ya que ayudan a tomar conciencia de la importancia de proclamar la Palabra de Dios y de servir en el altar en las celebraciones lit\u00fargicas. Si, por un lado, la Palabra nos invita cada d\u00eda a alimentarnos de la riqueza de la ense\u00f1anza de las palabras del Se\u00f1or Jes\u00fas, por otro, la Eucarist\u00eda fortalece nuestra vida con su gracia y nos ayuda a crecer en comuni\u00f3n y verdad, a ser aut\u00e9nticos hijos del \u00fanico Padre celestial. La Palabra y la Eucarist\u00eda son, pues, el fundamento y el punto culminante de nuestra existencia, de donde obtenemos las gracias y la fuerza para crecer cada vez m\u00e1s en nuestro camino espiritual.<br \/>\nAgradezcamos al Se\u00f1or el don que ha puesto en manos de estos Hermanos nuestros y oremos para que lo hagan fructificar para gloria de Dios y bien de sus Hermanos.<\/p>\n<p style=\"text-align: right;\">Fray Adam M\u0104CZKA, Guardi\u00e1n y Rector.<\/p>\nngg_shortcode_0_placeholder\n","protected":false},"excerpt":{"rendered":"<p>El martes 29 de abril de 2025, en la Misa de las 19:00 h presidida por el Vicario general, Fray Jan MACIEJOWSKI, fueron instituidos nuevos lectores y ac\u00f3litos. Recibieron el Lectorado: Fray Francesco IANNELLO de la Provincia Italiana de la Inmaculada Concepci\u00f3n (Sicilia y Calabria), Fray Binson THOMAS MULAVARICKAL y Fray Antony KUZHUVELIL XAVIER de [&hellip;]<\/p>\n","protected":false},"author":1,"featured_media":80606,"comment_status":"closed","ping_status":"open","sticky":false,"template":"","format":"standard","meta":{"ngg_post_thumbnail":0,"footnotes":""},"categories":[150,146],"tags":[2441,338],"class_list":["post-80610","post","type-post","status-publish","format-standard","has-post-thumbnail","category-noticias","category-ufficio-comunicazioni-es","tag-acolitado","tag-seraphicum-es"],"_links":{"self":[{"href":"https:\/\/www.ofmconv.net\/es\/wp-json\/wp\/v2\/posts\/80610","targetHints":{"allow":["GET"]}}],"collection":[{"href":"https:\/\/www.ofmconv.net\/es\/wp-json\/wp\/v2\/posts"}],"about":[{"href":"https:\/\/www.ofmconv.net\/es\/wp-json\/wp\/v2\/types\/post"}],"author":[{"embeddable":true,"href":"https:\/\/www.ofmconv.net\/es\/wp-json\/wp\/v2\/users\/1"}],"replies":[{"embeddable":true,"href":"https:\/\/www.ofmconv.net\/es\/wp-json\/wp\/v2\/comments?post=80610"}],"version-history":[{"count":0,"href":"https:\/\/www.ofmconv.net\/es\/wp-json\/wp\/v2\/posts\/80610\/revisions"}],"wp:featuredmedia":[{"embeddable":true,"href":"https:\/\/www.ofmconv.net\/es\/wp-json\/wp\/v2\/media\/80606"}],"wp:attachment":[{"href":"https:\/\/www.ofmconv.net\/es\/wp-json\/wp\/v2\/media?parent=80610"}],"wp:term":[{"taxonomy":"category","embeddable":true,"href":"https:\/\/www.ofmconv.net\/es\/wp-json\/wp\/v2\/categories?post=80610"},{"taxonomy":"post_tag","embeddable":true,"href":"https:\/\/www.ofmconv.net\/es\/wp-json\/wp\/v2\/tags?post=80610"}],"curies":[{"name":"wp","href":"https:\/\/api.w.org\/{rel}","templated":true}]}}