{"id":80920,"date":"2025-05-07T13:40:05","date_gmt":"2025-05-07T11:40:05","guid":{"rendered":"https:\/\/www.ofmconv.net\/brasile-x-giornata-giovanile-francescana\/"},"modified":"2025-05-07T14:00:53","modified_gmt":"2025-05-07T12:00:53","slug":"brasile-x-giornata-giovanile-francescana","status":"publish","type":"post","link":"https:\/\/www.ofmconv.net\/es\/brasile-x-giornata-giovanile-francescana\/","title":{"rendered":"Brasil: X Jornada Joven Franciscana"},"content":{"rendered":"<p><strong>Del 1 al 4 de mayo de 2025, se realiz\u00f3 la &#8220;<em>X Jornada Jovem Franciscana<\/em>&#8220;, con el tema: \u201c<em>\u2026con todas tus creaturas<\/em>\u201d, en la Casa Kolbe de Ca\u00e7apava (S\u00e3o Paulo) en Brasil. El encuentro reuni\u00f3 a m\u00e1s de 60 j\u00f3venes de las parroquias OFMConv de varias ciudades donde la presencia franciscana es activa: Santo Andr\u00e9, Ca\u00e7apava, Mogi das Cruzes, Santa B\u00e1rbara D\u2019Oeste, Curitiba, Guarania\u00e7u y Para\u00edba do Sul.<\/strong><\/p>\n<p>Las actividades comenzaron el 1 de mayo con un almuerzo de bienvenida, seguido de una formaci\u00f3n profundizada con Fray Reinaldo AZEVEDO DA SILVA, sobre el tema \u201c<em>Guardianes de la Creaci\u00f3n<\/em>\u201d. Posteriormente, los j\u00f3venes participaron en la Santa Misa, en momentos de convivencia e intercambio y en la presentaci\u00f3n de fraternidades. La jornada se enriqueci\u00f3 a\u00fan m\u00e1s con un coloquio fraterno con el Ministro provincial de la Provincia de San Francisco de As\u00eds en Brasil, Fray Jos\u00e9 Hugo DA SILVA SANTOS, y finaliz\u00f3 con la Adoraci\u00f3n Eucar\u00edstica.<br \/>\nEl segundo d\u00eda comenz\u00f3 con la celebraci\u00f3n de la Santa Misa presidida por Fray Gustavo Ionas ROCHA DE MEDEIROS. Luego, los j\u00f3venes salieron en misi\u00f3n, evangelizando por las calles de la ciudad, con punto de encuentro en la <em>Pra\u00e7a da Bandeira <\/em>(Plaza de la Bandera). Por la tarde se llevaron a cabo algunos talleres, dirigidos por Fray Reinaldo, Fray Gustavo, Fray Alexandre PATUCCI DE LIMA, Fray Ricardo Elvis ARRUDA BEZERRA y Sor Ang\u00e9lica ISCMSF (Instituto Secular de Catequistas Misioneras San Francisco de As\u00eds). Para cerrar el d\u00eda, hubo una retrospectiva de las ediciones precedentes de la Jornada, presentada por Fray Fl\u00e1vio Martins VEN\u00c2NCIO, seguida de una animada actuaci\u00f3n de la banda <em>The Freis<\/em> y de la <em>Balada da Jornada<\/em>.<br \/>\nEl tercer d\u00eda comenz\u00f3 con la Santa Misa y un momento de formaci\u00f3n sobre el <em>C\u00e1ntico de las Creaturas<\/em>, al que siguieron momentos de reflexi\u00f3n y de compartir en fraternidad. Por la tarde se vivi\u00f3 un intenso y orante Momento <em>Laudato Si\u2019<\/em>, con una \u201coraci\u00f3n ante la Creaci\u00f3n\u201d, en sinton\u00eda con el esp\u00edritu de San Francisco de As\u00eds y el llamado del Papa Francisco a la ecolog\u00eda integral. El s\u00e1bado finaliz\u00f3 con la tradicional <em>Noche Fraterna<\/em>, marcada por la alegr\u00eda, la convivencia y una simb\u00f3lica <em>Hoguera Franciscana<\/em>.<br \/>\nEl \u00faltimo d\u00eda de la Jornada se dedic\u00f3 a evaluar el encuentro y compartir en plenario, donde los j\u00f3venes pudieron expresar sus experiencias y sugerencias. La clausura tuvo lugar con la celebraci\u00f3n de la Santa Misa presidida por Fray Fl\u00e1vio Martins VEN\u00c2NCIO, coronando con gratitud y esperanza los d\u00edas vividos en fraternidad, oraci\u00f3n y misi\u00f3n.<\/p>\n<p style=\"text-align: right;\">Fray Gustavo Ionas ROCHA DE MEDEIROS.<\/p>\nngg_shortcode_0_placeholder\n","protected":false},"excerpt":{"rendered":"<p>Del 1 al 4 de mayo de 2025, se realiz\u00f3 la &#8220;X Jornada Jovem Franciscana&#8220;, con el tema: \u201c\u2026con todas tus creaturas\u201d, en la Casa Kolbe de Ca\u00e7apava (S\u00e3o Paulo) en Brasil. El encuentro reuni\u00f3 a m\u00e1s de 60 j\u00f3venes de las parroquias OFMConv de varias ciudades donde la presencia franciscana es activa: Santo Andr\u00e9, [&hellip;]<\/p>\n","protected":false},"author":1,"featured_media":80916,"comment_status":"closed","ping_status":"open","sticky":false,"template":"","format":"standard","meta":{"ngg_post_thumbnail":0,"footnotes":""},"categories":[109,133,150],"tags":[405,1174],"class_list":["post-80920","post","type-post","status-publish","format-standard","has-post-thumbnail","category-falc-es","category-federaciones","category-noticias","tag-brasil","tag-jovenes"],"_links":{"self":[{"href":"https:\/\/www.ofmconv.net\/es\/wp-json\/wp\/v2\/posts\/80920","targetHints":{"allow":["GET"]}}],"collection":[{"href":"https:\/\/www.ofmconv.net\/es\/wp-json\/wp\/v2\/posts"}],"about":[{"href":"https:\/\/www.ofmconv.net\/es\/wp-json\/wp\/v2\/types\/post"}],"author":[{"embeddable":true,"href":"https:\/\/www.ofmconv.net\/es\/wp-json\/wp\/v2\/users\/1"}],"replies":[{"embeddable":true,"href":"https:\/\/www.ofmconv.net\/es\/wp-json\/wp\/v2\/comments?post=80920"}],"version-history":[{"count":0,"href":"https:\/\/www.ofmconv.net\/es\/wp-json\/wp\/v2\/posts\/80920\/revisions"}],"wp:featuredmedia":[{"embeddable":true,"href":"https:\/\/www.ofmconv.net\/es\/wp-json\/wp\/v2\/media\/80916"}],"wp:attachment":[{"href":"https:\/\/www.ofmconv.net\/es\/wp-json\/wp\/v2\/media?parent=80920"}],"wp:term":[{"taxonomy":"category","embeddable":true,"href":"https:\/\/www.ofmconv.net\/es\/wp-json\/wp\/v2\/categories?post=80920"},{"taxonomy":"post_tag","embeddable":true,"href":"https:\/\/www.ofmconv.net\/es\/wp-json\/wp\/v2\/tags?post=80920"}],"curies":[{"name":"wp","href":"https:\/\/api.w.org\/{rel}","templated":true}]}}