{"id":81750,"date":"2025-05-21T13:01:48","date_gmt":"2025-05-21T11:01:48","guid":{"rendered":"https:\/\/www.ofmconv.net\/costa-rica-2a-assemblea-elettiva-mi\/"},"modified":"2025-05-21T13:07:41","modified_gmt":"2025-05-21T11:07:41","slug":"costa-rica-2a-assemblea-elettiva-mi","status":"publish","type":"post","link":"https:\/\/www.ofmconv.net\/es\/costa-rica-2a-assemblea-elettiva-mi\/","title":{"rendered":"Costa Rica: II Asamblea electiva de la M.I."},"content":{"rendered":"<p><strong>El 18 de mayo de 2025, V Domingo de Pascua, se celebr\u00f3 en el <em>Saint Francis College<\/em> de Alajuela, dirigido por la Orden Franciscana Conventual, la II Asamblea electiva de la Milicia de la Inmaculada (M.I.) del Centro nacional de Costa Rica. La primera Asamblea se celebr\u00f3 en octubre de 2019 y desde entonces la M.I. ha crecido por toda Costa Rica, adem\u00e1s de extenderse a otros pa\u00edses vecinos, como Guatemala, Honduras y Nicaragua.<\/strong><\/p>\n<p>La Asamblea ha estado presidida por Miquel BORDAS PR\u00d3SZYNSKI, Presidente internacional, acompa\u00f1ado por la Consejera internacional Norma Magdalena S\u00c1NCHEZ GONZ\u00c1LEZ.<br \/>\nLa reuni\u00f3n congreg\u00f3 a unos 50 m\u00edlites de toda Costa Rica y comenz\u00f3 con una oraci\u00f3n del Asistente nacional de la M.I. de Costa Rica, Mons. Gabriel Enrique MONTERO UMA\u00d1A OFMConv, Obispo em\u00e9rito de la Di\u00f3cesis de San Isidro. A continuaci\u00f3n, el Presidente nacional saliente, V\u00edctor Manuel VALVERDE V\u00c1SQUEZ, present\u00f3 el informe de actividades y el balance econ\u00f3mico. Tras un debate en Asamblea, tanto el informe de actividades como el balance econ\u00f3mico fueron aprobados por la misma Asamblea.<br \/>\nEl siguiente punto del orden del d\u00eda fue la elecci\u00f3n del nuevo Consejo nacional y del Colegio de Revisores de Cuentas. Tras una explicaci\u00f3n inicial por parte del Presidente internacional sobre la metodolog\u00eda a seguir, se procedi\u00f3 a la votaci\u00f3n para elegir al Presidente nacional y al resto de miembros del Consejo nacional, as\u00ed como para elegir a los miembros del Colegio de Revisores de Cuentas.<br \/>\nEl resultado de la elecci\u00f3n del Consejo nacional fue el siguiente: V\u00edctor M. VALVERDE V\u00c1SQUEZ, Presidente nacional; Sra. Rita MAINERI, Vicepresidenta; Sra. Margoth CAMPOS, Secretaria. Consejeros-vocales: Sra. Marisol CAMPOS, Sra. Rosy ALVARADO y Sra. Katia HIDALGO. Revisores de Cuentas: Sr. Alberto HERRERA, Sra. Olga PRIETO y Sra. Raquel G\u00d3MEZ. Tras la elecci\u00f3n de los distintos cargos, se celebr\u00f3 una breve reuni\u00f3n constitutiva del nuevo Consejo nacional.<br \/>\nLa Asamblea nacional finaliz\u00f3 con la Santa Misa dominical celebrada en la iglesia del cercano Convento OFMConv de Alajuela, presidida por el Asistente nacional, en la que tres nuevos m\u00edlites se consagraron a la Inmaculada y el nuevo Consejo nacional recibi\u00f3 el env\u00edo, con una bendici\u00f3n especial.<br \/>\nLa M.I. agradece la acogida brindada por parte de Fray Jorge DOBLES ULLOA, Ministro custodial de la Custodia provincial de Mar\u00eda Madre de Misericordia en Centroam\u00e9rica, y en particular a nuestra Madre Inmaculada, por su maternal intercesi\u00f3n.<\/p>\n<p style=\"text-align: right;\">Miquel BORDAS PR\u00d3SZYNSKI, Presidente internacional de la M.I.<\/p>\nngg_shortcode_0_placeholder\n","protected":false},"excerpt":{"rendered":"<p>El 18 de mayo de 2025, V Domingo de Pascua, se celebr\u00f3 en el Saint Francis College de Alajuela, dirigido por la Orden Franciscana Conventual, la II Asamblea electiva de la Milicia de la Inmaculada (M.I.) del Centro nacional de Costa Rica. La primera Asamblea se celebr\u00f3 en octubre de 2019 y desde entonces la [&hellip;]<\/p>\n","protected":false},"author":1,"featured_media":81746,"comment_status":"closed","ping_status":"open","sticky":false,"template":"","format":"standard","meta":{"ngg_post_thumbnail":0,"footnotes":""},"categories":[124,150,136],"tags":[925,1635],"class_list":["post-81750","post","type-post","status-publish","format-standard","has-post-thumbnail","category-mi-es","category-noticias","category-oficinas-generales","tag-asamblea-m-i","tag-costa-rica-es"],"_links":{"self":[{"href":"https:\/\/www.ofmconv.net\/es\/wp-json\/wp\/v2\/posts\/81750","targetHints":{"allow":["GET"]}}],"collection":[{"href":"https:\/\/www.ofmconv.net\/es\/wp-json\/wp\/v2\/posts"}],"about":[{"href":"https:\/\/www.ofmconv.net\/es\/wp-json\/wp\/v2\/types\/post"}],"author":[{"embeddable":true,"href":"https:\/\/www.ofmconv.net\/es\/wp-json\/wp\/v2\/users\/1"}],"replies":[{"embeddable":true,"href":"https:\/\/www.ofmconv.net\/es\/wp-json\/wp\/v2\/comments?post=81750"}],"version-history":[{"count":0,"href":"https:\/\/www.ofmconv.net\/es\/wp-json\/wp\/v2\/posts\/81750\/revisions"}],"wp:featuredmedia":[{"embeddable":true,"href":"https:\/\/www.ofmconv.net\/es\/wp-json\/wp\/v2\/media\/81746"}],"wp:attachment":[{"href":"https:\/\/www.ofmconv.net\/es\/wp-json\/wp\/v2\/media?parent=81750"}],"wp:term":[{"taxonomy":"category","embeddable":true,"href":"https:\/\/www.ofmconv.net\/es\/wp-json\/wp\/v2\/categories?post=81750"},{"taxonomy":"post_tag","embeddable":true,"href":"https:\/\/www.ofmconv.net\/es\/wp-json\/wp\/v2\/tags?post=81750"}],"curies":[{"name":"wp","href":"https:\/\/api.w.org\/{rel}","templated":true}]}}