{"id":82189,"date":"2025-05-30T13:04:10","date_gmt":"2025-05-30T11:04:10","guid":{"rendered":"https:\/\/www.ofmconv.net\/honduras-50-anni-di-feconda-testimonianza-del-vangelo-a-olancho\/"},"modified":"2025-05-30T13:16:46","modified_gmt":"2025-05-30T11:16:46","slug":"honduras-50-anni-di-feconda-testimonianza-del-vangelo-a-olancho","status":"publish","type":"post","link":"https:\/\/www.ofmconv.net\/es\/honduras-50-anni-di-feconda-testimonianza-del-vangelo-a-olancho\/","title":{"rendered":"Honduras: 50 A\u00f1os de fecundo testimonio del Evangelio en Olancho"},"content":{"rendered":"<p><strong>Con motivo del inicio de las celebraciones conmemorativas de los 50 a\u00f1os de la violenta muerte de nuestro Hermano Fray Casimiro CYPHER, junto a trece personas m\u00e1s, acaecida en Olancho, Honduras el 25 de junio de 1975, la Custodia Mar\u00eda Madre de Misericordia en Centro Am\u00e9rica y la Di\u00f3cesis de Juticalpa \u2013 Olancho, celebr\u00f3 el Simposio Misionero-Pastoral los d\u00edas 23 y 24 de mayo de 2025.<\/strong><\/p>\n<p>El evento tuvo lugar en el auditorio de la Universidad Cat\u00f3lica de Honduras \u201cCampus Santa Clara\u201d. Se cont\u00f3 con la presencia del Obispo local Mons. Jos\u00e9 BONELLO OFM, el Vicepostulador de la Causa Fray Juan Alonzo PAGOADA ACOSTA y Fray Javier E. GUERRA. Durante los dos d\u00edas de encuentro, reflexi\u00f3n y compartir fraterno, y en un ambiente tropical propio de la zona, acudieron miembros de la Custodia Centroamericana, de la Vida Consagrada de Honduras, del clero diocesano y fieles laicos de la Di\u00f3cesis. Les acompa\u00f1aron tres expositores que animaron las jornadas sobre el <em>contexto hist\u00f3rico-eclesial<\/em>, la <em>vida y la espiritualidad de Fray Casimiro<\/em> y los <em>retos misioneros y pastorales a los que se enfrenta la Iglesia hondure\u00f1a<\/em>. El Simposio concluy\u00f3 con la identificaci\u00f3n de luces y signos de esperanza que, con motivo del 50\u00ba aniversario del asesinato de Fray Casimiro, animan y hacen m\u00e1s fruct\u00edferos los esfuerzos por reconocerlo como un testimonio fecundo del Evangelio para el pueblo de Olancho.<br \/>\nEn las jornadas de trabajo colaboraron los j\u00f3venes de la pastoral universitaria. Se mont\u00f3 una galer\u00eda fotogr\u00e1fica y se prepararon varias presentaciones con algunos datos significativos de la vida de Fray Casimiro, testimonios directos y generosos refrigerios y almuerzos ofrecidos por las Parroquias.<br \/>\nPor su parte, el Vicepostulador de la Causa, con el af\u00e1n de promover la fama de santidad y martirio de Fray Casimiro, ha organizado una serie de actividades conmemorativas para celebrar la memoria hist\u00f3rica y la fecundidad de su testimonio. Al mismo tiempo, est\u00e1 interactuando con los diferentes medios de comunicaci\u00f3n locales y las comunidades para que la fama de santidad y martirio se difunda entre los fieles, y la Iglesia descubra la riqueza de la vida, la misi\u00f3n y el testimonio de nuestro Hermano.<br \/>\nOremos unidos para que el proceso preliminar de la Causa siga siendo fuente que mana frutos de inspiraci\u00f3n y compromiso apost\u00f3lico en la misi\u00f3n OFMConv.<\/p>\n<p style=\"text-align: right;\">Fray Juan Alonzo PAGOADA ACOSTA, Vicepostulador.<\/p>\n<p><a href=\"https:\/\/www.ofmconv.net\/wp-content\/uploads\/2025\/05\/afisz.jpg\"><img loading=\"lazy\" decoding=\"async\" class=\"aligncenter size-full wp-image-82182\" src=\"https:\/\/www.ofmconv.net\/wp-content\/uploads\/2025\/05\/afisz.jpg\" alt=\"Casimiro CYPHER OFMConv\" width=\"960\" height=\"1353\" srcset=\"https:\/\/www.ofmconv.net\/wp-content\/uploads\/2025\/05\/afisz.jpg 960w, https:\/\/www.ofmconv.net\/wp-content\/uploads\/2025\/05\/afisz-213x300.jpg 213w, https:\/\/www.ofmconv.net\/wp-content\/uploads\/2025\/05\/afisz-727x1024.jpg 727w, https:\/\/www.ofmconv.net\/wp-content\/uploads\/2025\/05\/afisz-768x1082.jpg 768w, https:\/\/www.ofmconv.net\/wp-content\/uploads\/2025\/05\/afisz-298x420.jpg 298w, https:\/\/www.ofmconv.net\/wp-content\/uploads\/2025\/05\/afisz-696x981.jpg 696w\" sizes=\"auto, (max-width: 960px) 100vw, 960px\" \/><\/a><\/p>\n","protected":false},"excerpt":{"rendered":"<p>Con motivo del inicio de las celebraciones conmemorativas de los 50 a\u00f1os de la violenta muerte de nuestro Hermano Fray Casimiro CYPHER, junto a trece personas m\u00e1s, acaecida en Olancho, Honduras el 25 de junio de 1975, la Custodia Mar\u00eda Madre de Misericordia en Centro Am\u00e9rica y la Di\u00f3cesis de Juticalpa \u2013 Olancho, celebr\u00f3 el [&hellip;]<\/p>\n","protected":false},"author":1,"featured_media":82181,"comment_status":"closed","ping_status":"open","sticky":false,"template":"","format":"standard","meta":{"ngg_post_thumbnail":0,"footnotes":""},"categories":[150,136,145],"tags":[3380,889],"class_list":["post-82189","post","type-post","status-publish","format-standard","has-post-thumbnail","category-noticias","category-oficinas-generales","category-postulatore-es","tag-casimiro-cypher-ofmconv-es","tag-honduras-es"],"_links":{"self":[{"href":"https:\/\/www.ofmconv.net\/es\/wp-json\/wp\/v2\/posts\/82189","targetHints":{"allow":["GET"]}}],"collection":[{"href":"https:\/\/www.ofmconv.net\/es\/wp-json\/wp\/v2\/posts"}],"about":[{"href":"https:\/\/www.ofmconv.net\/es\/wp-json\/wp\/v2\/types\/post"}],"author":[{"embeddable":true,"href":"https:\/\/www.ofmconv.net\/es\/wp-json\/wp\/v2\/users\/1"}],"replies":[{"embeddable":true,"href":"https:\/\/www.ofmconv.net\/es\/wp-json\/wp\/v2\/comments?post=82189"}],"version-history":[{"count":0,"href":"https:\/\/www.ofmconv.net\/es\/wp-json\/wp\/v2\/posts\/82189\/revisions"}],"wp:featuredmedia":[{"embeddable":true,"href":"https:\/\/www.ofmconv.net\/es\/wp-json\/wp\/v2\/media\/82181"}],"wp:attachment":[{"href":"https:\/\/www.ofmconv.net\/es\/wp-json\/wp\/v2\/media?parent=82189"}],"wp:term":[{"taxonomy":"category","embeddable":true,"href":"https:\/\/www.ofmconv.net\/es\/wp-json\/wp\/v2\/categories?post=82189"},{"taxonomy":"post_tag","embeddable":true,"href":"https:\/\/www.ofmconv.net\/es\/wp-json\/wp\/v2\/tags?post=82189"}],"curies":[{"name":"wp","href":"https:\/\/api.w.org\/{rel}","templated":true}]}}