{"id":85390,"date":"2025-07-04T12:56:32","date_gmt":"2025-07-04T10:56:32","guid":{"rendered":"https:\/\/www.ofmconv.net\/cambio-di-guardia-al-centro-missionario-fimp\/"},"modified":"2025-07-04T13:03:10","modified_gmt":"2025-07-04T11:03:10","slug":"cambio-di-guardia-al-centro-missionario-fimp","status":"publish","type":"post","link":"https:\/\/www.ofmconv.net\/es\/cambio-di-guardia-al-centro-missionario-fimp\/","title":{"rendered":"Cambio de guardia en el Centro Misionero FIMP"},"content":{"rendered":"<h3><strong>La misi\u00f3n franciscana contin\u00faa\u2026<\/strong><\/h3>\n<p><strong>El 19 de junio de 2025, la Asamblea de la FIMP (Federazione Intermediterranea Ministri Provinciali), tras renovar su Consejo de Presidencia, nombr\u00f3 como nuevo Director del Centro Misionero Franciscano Onlus a Fray Lucian-Mihai BOB\u00c2RNAC, miembro de la Provincia de San Jos\u00e9 Esposo de la Beata Virgen Mar\u00eda en Ruman\u00eda<em>.<\/em><\/strong><\/p>\n<p>Fray Lucian sucede a Fray Paolo FIASCONARO, quien ha guiado el Centro durante doce a\u00f1os, desde 2013 hasta la actualidad. Asumir\u00e1 sus funciones este verano y, adem\u00e1s, colaborar\u00e1 con la Oficina de Proyectos. A partir de febrero de 2025, tomar\u00e1 tambi\u00e9n la direcci\u00f3n de Bynode, una entidad del Tercer Sector vinculada a la Orden y dedicada a impulsar proyectos de desarrollo socioecon\u00f3mico en pa\u00edses de Misi\u00f3n.<br \/>\nCon 45 a\u00f1os de edad, Fray Lucian naci\u00f3 el 4 de junio de 1980 en Bucarest, Ruman\u00eda, y fue ordenado sacerdote en 2008. Al inicio de su ministerio, estuvo a cargo de la secretar\u00eda y la distribuci\u00f3n de la edici\u00f3n rumana de la revista <em>Mensajero de San Antonio<\/em>. En el \u00e1mbito pastoral, sirvi\u00f3 durante cinco a\u00f1os en Irlanda e Inglaterra. En la \u00faltima d\u00e9cada, ha presidido la Fundaci\u00f3n PACEA, una organizaci\u00f3n rumana que trabaja en el \u00e1mbito socioeducativo y del desarrollo social. Con el estallido de la guerra en Ucrania, ha realizado m\u00faltiples viajes llevando ayuda humanitaria a las zonas afectadas.<br \/>\nPor su parte, el director saliente, Fray Paolo, ha mantenido un di\u00e1logo constante con los misioneros, con los Animadores Misioneros Provinciales y con la Asamblea Misionera Anual, que celebr\u00f3 ya su 34\u00aa edici\u00f3n. Ha colaborado con la Oficina de Proyectos de la Orden, con el Centro Misionero del Vicariato de Roma como parte de la Consulta Diocesana, y con la Conferencia Episcopal Italiana. Particip\u00f3 en los encuentros organizados por el Ministerio de Asuntos Exteriores y en el G7 con los operadores misioneros italianos. Ha ejercido como director responsable y editorial del hist\u00f3rico peri\u00f3dico <em>Il Missionario Francescano<\/em>, fundado en 1933 (propiedad de la Orden y transferido al Centro en 2014), as\u00ed como de la agencia de noticias <em>MissioConvInforma<\/em>. Adem\u00e1s, coordin\u00f3 la publicaci\u00f3n de dos vol\u00famenes: <em>Vayan y anuncien\u2026<\/em>, sobre la presencia actual de los Conventuales en las Misiones del mundo, y <em>China \u2013 La Aurora Misionera de los Hermanos Menores Conventuales<\/em>, dedicado al Centenario de la apertura de la Misi\u00f3n en China (1925\u20132025). Ambos textos han servido como valiosa herramienta de animaci\u00f3n misionera en los Cap\u00edtulos provinciales italianos, en el Cap\u00edtulo General, en las casas de formaci\u00f3n de la FIMP y en la Asamblea de las Clarisas Urbanistas.<br \/>\nEn el campo de la evangelizaci\u00f3n, el Centro impuls\u00f3 durante una d\u00e9cada (2014\u20132024) una innovadora iniciativa de animaci\u00f3n misionera a orillas del T\u00edber durante los meses de verano, interactuando con los dos millones de personas que disfrutan de la \u201cmovida romana\u201d. Tambi\u00e9n fortaleci\u00f3 el programa de adopciones a distancia en pa\u00edses como Bolivia, Kenia, Per\u00fa, Uganda y Zambia. Antes de la pandemia, visit\u00f3 numerosas misiones de los Hermanos Conventuales (no s\u00f3lo de la FIMP) en Brasil, Venezuela, Per\u00fa, Ghana, Kenia, Uganda, Tanzania y China, documentando estas experiencias en una serie de producciones audiovisuales disponibles en el canal de YouTube <em>Missioni OFM Conv<\/em>.<br \/>\nA Fray Lucian le deseamos un fecundo inicio en esta nueva etapa, con la certeza de que su experiencia enriquecer\u00e1 a\u00fan m\u00e1s el camino del Centro Misionero FIMP, llamado hoy a dar nuevos pasos y responder a las esperanzas de una humanidad que contin\u00faa sedienta de testigos cre\u00edbles y gestos concretos de solidaridad.<\/p>\n<p style=\"text-align: right;\">Fray Paolo FIASCONARO.<\/p>\nngg_shortcode_0_placeholder\n","protected":false},"excerpt":{"rendered":"<p>La misi\u00f3n franciscana contin\u00faa\u2026 El 19 de junio de 2025, la Asamblea de la FIMP (Federazione Intermediterranea Ministri Provinciali), tras renovar su Consejo de Presidencia, nombr\u00f3 como nuevo Director del Centro Misionero Franciscano Onlus a Fray Lucian-Mihai BOB\u00c2RNAC, miembro de la Provincia de San Jos\u00e9 Esposo de la Beata Virgen Mar\u00eda en Ruman\u00eda. Fray Lucian [&hellip;]<\/p>\n","protected":false},"author":1,"featured_media":85386,"comment_status":"closed","ping_status":"open","sticky":false,"template":"","format":"standard","meta":{"ngg_post_thumbnail":0,"footnotes":""},"categories":[150,146],"tags":[817],"class_list":["post-85390","post","type-post","status-publish","format-standard","has-post-thumbnail","category-noticias","category-ufficio-comunicazioni-es","tag-centro-misionero"],"_links":{"self":[{"href":"https:\/\/www.ofmconv.net\/es\/wp-json\/wp\/v2\/posts\/85390","targetHints":{"allow":["GET"]}}],"collection":[{"href":"https:\/\/www.ofmconv.net\/es\/wp-json\/wp\/v2\/posts"}],"about":[{"href":"https:\/\/www.ofmconv.net\/es\/wp-json\/wp\/v2\/types\/post"}],"author":[{"embeddable":true,"href":"https:\/\/www.ofmconv.net\/es\/wp-json\/wp\/v2\/users\/1"}],"replies":[{"embeddable":true,"href":"https:\/\/www.ofmconv.net\/es\/wp-json\/wp\/v2\/comments?post=85390"}],"version-history":[{"count":0,"href":"https:\/\/www.ofmconv.net\/es\/wp-json\/wp\/v2\/posts\/85390\/revisions"}],"wp:featuredmedia":[{"embeddable":true,"href":"https:\/\/www.ofmconv.net\/es\/wp-json\/wp\/v2\/media\/85386"}],"wp:attachment":[{"href":"https:\/\/www.ofmconv.net\/es\/wp-json\/wp\/v2\/media?parent=85390"}],"wp:term":[{"taxonomy":"category","embeddable":true,"href":"https:\/\/www.ofmconv.net\/es\/wp-json\/wp\/v2\/categories?post=85390"},{"taxonomy":"post_tag","embeddable":true,"href":"https:\/\/www.ofmconv.net\/es\/wp-json\/wp\/v2\/tags?post=85390"}],"curies":[{"name":"wp","href":"https:\/\/api.w.org\/{rel}","templated":true}]}}