{"id":86761,"date":"2025-08-22T13:47:51","date_gmt":"2025-08-22T11:47:51","guid":{"rendered":"https:\/\/www.ofmconv.net\/esercizi-spirituali-annuali-2025-della-provincia-rioplatense\/"},"modified":"2025-08-22T13:52:20","modified_gmt":"2025-08-22T11:52:20","slug":"esercizi-spirituali-annuali-2025-della-provincia-rioplatense","status":"publish","type":"post","link":"https:\/\/www.ofmconv.net\/es\/esercizi-spirituali-annuali-2025-della-provincia-rioplatense\/","title":{"rendered":"Ejercicios espirituales anuales 2025 de la Provincia Rioplatense"},"content":{"rendered":"<p><strong>Del 4 al 8 de agosto de 2025, los Hermanos de la Provincia Rioplatense de San Antonio de Padua en Argentina y Uruguay se congregaron fraternalmente en la Casa de espiritualidad \u201cMar\u00eda Auxiliadora\u201d, ubicada en la ciudad de San Miguel, en Buenos Aires (Argentina), para vivir juntos sus Ejercicios espirituales anuales, momento privilegiado de oraci\u00f3n, silencio y renovaci\u00f3n interior.<\/strong><\/p>\n<p>A este encuentro se unieron tambi\u00e9n Fray Fabio M. MAZZINI, perteneciente a la Delegaci\u00f3n provincial en Chile, y el joven Yoel Daniel BAJINAY, quien en esta ocasi\u00f3n dio inicio formal a la etapa de Pre-noviciado, que llevar\u00e1 a cabo en Chile.<br \/>\nLa predicaci\u00f3n de los Ejercicios estuvo a cargo de Fray Bernardo MOLINA OFMCap, reconocido especialista en las Fuentes Franciscanas. El tema central que guio la reflexi\u00f3n y la oraci\u00f3n de estos d\u00edas fueron las \u201cAdmoniciones de San Francisco de As\u00eds\u201d, texto breve pero profundo que, en palabras del predicador, sigue iluminando con sorprendente actualidad la vida de los Hermanos.<br \/>\nTanto Fray Javier A. FONTANA, Ministro provincial, como cada uno de los participantes, expresaron un profundo agradecimiento a Fray Bernardo por la riqueza y hondura de su ense\u00f1anza. Su exposici\u00f3n combin\u00f3 un an\u00e1lisis riguroso de los textos con una lectura sapiencial y espiritual, ayudando a descubrir la fuerza y frescura de las palabras que el Pobrecillo de As\u00eds dirigi\u00f3 a los Hermanos de su tiempo y que sorprendentemente contin\u00faan interpelando y animando la vida fraterna hoy.<\/p>\n<p style=\"text-align: right;\">Fray Mart\u00edn P. BITZER, Secretario provincial.<\/p>\nngg_shortcode_0_placeholder\n","protected":false},"excerpt":{"rendered":"<p>Del 4 al 8 de agosto de 2025, los Hermanos de la Provincia Rioplatense de San Antonio de Padua en Argentina y Uruguay se congregaron fraternalmente en la Casa de espiritualidad \u201cMar\u00eda Auxiliadora\u201d, ubicada en la ciudad de San Miguel, en Buenos Aires (Argentina), para vivir juntos sus Ejercicios espirituales anuales, momento privilegiado de oraci\u00f3n, [&hellip;]<\/p>\n","protected":false},"author":1,"featured_media":86757,"comment_status":"closed","ping_status":"open","sticky":false,"template":"","format":"standard","meta":{"ngg_post_thumbnail":0,"footnotes":""},"categories":[109,133,150],"tags":[1683,1140],"class_list":["post-86761","post","type-post","status-publish","format-standard","has-post-thumbnail","category-falc-es","category-federaciones","category-noticias","tag-argentina-uruguay-es","tag-ejercicios-espirituales"],"_links":{"self":[{"href":"https:\/\/www.ofmconv.net\/es\/wp-json\/wp\/v2\/posts\/86761","targetHints":{"allow":["GET"]}}],"collection":[{"href":"https:\/\/www.ofmconv.net\/es\/wp-json\/wp\/v2\/posts"}],"about":[{"href":"https:\/\/www.ofmconv.net\/es\/wp-json\/wp\/v2\/types\/post"}],"author":[{"embeddable":true,"href":"https:\/\/www.ofmconv.net\/es\/wp-json\/wp\/v2\/users\/1"}],"replies":[{"embeddable":true,"href":"https:\/\/www.ofmconv.net\/es\/wp-json\/wp\/v2\/comments?post=86761"}],"version-history":[{"count":2,"href":"https:\/\/www.ofmconv.net\/es\/wp-json\/wp\/v2\/posts\/86761\/revisions"}],"predecessor-version":[{"id":86767,"href":"https:\/\/www.ofmconv.net\/es\/wp-json\/wp\/v2\/posts\/86761\/revisions\/86767"}],"wp:featuredmedia":[{"embeddable":true,"href":"https:\/\/www.ofmconv.net\/es\/wp-json\/wp\/v2\/media\/86757"}],"wp:attachment":[{"href":"https:\/\/www.ofmconv.net\/es\/wp-json\/wp\/v2\/media?parent=86761"}],"wp:term":[{"taxonomy":"category","embeddable":true,"href":"https:\/\/www.ofmconv.net\/es\/wp-json\/wp\/v2\/categories?post=86761"},{"taxonomy":"post_tag","embeddable":true,"href":"https:\/\/www.ofmconv.net\/es\/wp-json\/wp\/v2\/tags?post=86761"}],"curies":[{"name":"wp","href":"https:\/\/api.w.org\/{rel}","templated":true}]}}