{"id":88571,"date":"2025-09-29T13:09:45","date_gmt":"2025-09-29T11:09:45","guid":{"rendered":"https:\/\/www.ofmconv.net\/viterbo-celebrato-il-centenario-della-missione-in-cina-con-le-sorelle-clarisse\/"},"modified":"2025-09-29T13:15:49","modified_gmt":"2025-09-29T11:15:49","slug":"viterbo-celebrato-il-centenario-della-missione-in-cina-con-le-sorelle-clarisse","status":"publish","type":"post","link":"https:\/\/www.ofmconv.net\/es\/viterbo-celebrato-il-centenario-della-missione-in-cina-con-le-sorelle-clarisse\/","title":{"rendered":"Viterbo: celebrado el Centenario de la misi\u00f3n en China con las Hermanas Clarisas"},"content":{"rendered":"<p><strong>El 22 de septiembre de 2025, en el Monasterio Santa Rosa de Viterbo, durante la Asamblea ordinaria de las Hermanas Clarisas Urbanistas, se record\u00f3 el A\u00f1o Centenario de la apertura de la misi\u00f3n de los Hermanos Menores Conventuales en China (1925\/2025).<\/strong><\/p>\n<p>Adem\u00e1s del Consejo Federal saliente, guiado durante 12 a\u00f1os por la presidenta Sor Damiana ARDESI, estuvieron presentes 25 Hermanas entre Abadesas y Delegadas de varios Monasterios, incluidas las Clarisas de M\u00e9xico y Ruman\u00eda, el Ministro general Fray Carlos A. TROVARELLI, el Postulador general Fray Raimundo Valdo NOGUEIRA y Fray Paolo FIASCONARO, quien fue Director del Centro Misionero Franciscano de la FIMP (Federazione Intermediterranea Ministri Provinciali).<br \/>\nLas Clarisas, reunidas en Viterbo para la renovaci\u00f3n de los oficios de la Presidenta y del Consejo Federal, quisieron profundizar en el tema de la misi\u00f3n, compartiendo el Centenario de China como un momento de crecimiento en clave misionera y como una oportunidad para proyectar su camino hacia nuevos horizontes.<br \/>\nDurante el encuentro, Fray Paolo present\u00f3 el libro editado por el Centro Misionero, titulado El alba misionera de los Hermanos Menores Conventuales, escrito a cuatro manos por \u00e9l y por Fray Matteo LUO. La primera parte evoca el dif\u00edcil periodo hist\u00f3rico previo a la apertura de la misi\u00f3n en 1925, con las dos supresiones de las \u00d3rdenes religiosas y la consecuente desaparici\u00f3n de los frailes conventuales. La lenta recuperaci\u00f3n vocacional comenz\u00f3 despu\u00e9s de la Primera Guerra Mundial gracias al impulso misionero promovido por los Ministros generales Fray Domenico TAVANI y Fray Alfonso ORLINI.<br \/>\nEn la segunda parte del libro, Fray Matteo LUO narra, en diez cap\u00edtulos, la vida y la actividad pastoral de los numerosos frailes que se sucedieron durante los veintisiete a\u00f1os de misi\u00f3n en China, de 1925 a 1952. Tras la presentaci\u00f3n del volumen, se proyect\u00f3 el documental El camino franciscano y evang\u00e9lico de la seda, realizado por el Centro Misionero en los lugares donde vivieron los Hermanos y en la Di\u00f3cesis en la que los cuatro Prefectos Apost\u00f3licos Conventuales, junto con otros Hermanos, llevaron a cabo una intensa acci\u00f3n pastoral entre las poblaciones chinas. Tambi\u00e9n se present\u00f3 un breve documental sobre la experiencia del Centro Misionero en los diez a\u00f1os de presencia de verano de los Hermanos en las orillas del T\u00edber.<br \/>\nAl concluir el encuentro, las Hermanas agradecieron espont\u00e1neamente a la Orden y al Centro Misionero por la memoria de este A\u00f1o Centenario y, sobre todo, por haber vivido un momento de gracia y de renovado impulso misionero, expresado en gestos concretos de cercan\u00eda y de compartir fraterno.<\/p>\n<p style=\"text-align: right;\">Fray Paolo FIASCONARO.<\/p>\nngg_shortcode_0_placeholder\n","protected":false},"excerpt":{"rendered":"<p>El 22 de septiembre de 2025, en el Monasterio Santa Rosa de Viterbo, durante la Asamblea ordinaria de las Hermanas Clarisas Urbanistas, se record\u00f3 el A\u00f1o Centenario de la apertura de la misi\u00f3n de los Hermanos Menores Conventuales en China (1925\/2025). Adem\u00e1s del Consejo Federal saliente, guiado durante 12 a\u00f1os por la presidenta Sor Damiana [&hellip;]<\/p>\n","protected":false},"author":1,"featured_media":88567,"comment_status":"closed","ping_status":"open","sticky":false,"template":"","format":"standard","meta":{"ngg_post_thumbnail":0,"footnotes":""},"categories":[133,116,139,150],"tags":[817],"class_list":["post-88571","post","type-post","status-publish","format-standard","has-post-thumbnail","category-federaciones","category-fimp-es","category-la-familia-franciscana","category-noticias","tag-centro-misionero"],"_links":{"self":[{"href":"https:\/\/www.ofmconv.net\/es\/wp-json\/wp\/v2\/posts\/88571","targetHints":{"allow":["GET"]}}],"collection":[{"href":"https:\/\/www.ofmconv.net\/es\/wp-json\/wp\/v2\/posts"}],"about":[{"href":"https:\/\/www.ofmconv.net\/es\/wp-json\/wp\/v2\/types\/post"}],"author":[{"embeddable":true,"href":"https:\/\/www.ofmconv.net\/es\/wp-json\/wp\/v2\/users\/1"}],"replies":[{"embeddable":true,"href":"https:\/\/www.ofmconv.net\/es\/wp-json\/wp\/v2\/comments?post=88571"}],"version-history":[{"count":2,"href":"https:\/\/www.ofmconv.net\/es\/wp-json\/wp\/v2\/posts\/88571\/revisions"}],"predecessor-version":[{"id":88577,"href":"https:\/\/www.ofmconv.net\/es\/wp-json\/wp\/v2\/posts\/88571\/revisions\/88577"}],"wp:featuredmedia":[{"embeddable":true,"href":"https:\/\/www.ofmconv.net\/es\/wp-json\/wp\/v2\/media\/88567"}],"wp:attachment":[{"href":"https:\/\/www.ofmconv.net\/es\/wp-json\/wp\/v2\/media?parent=88571"}],"wp:term":[{"taxonomy":"category","embeddable":true,"href":"https:\/\/www.ofmconv.net\/es\/wp-json\/wp\/v2\/categories?post=88571"},{"taxonomy":"post_tag","embeddable":true,"href":"https:\/\/www.ofmconv.net\/es\/wp-json\/wp\/v2\/tags?post=88571"}],"curies":[{"name":"wp","href":"https:\/\/api.w.org\/{rel}","templated":true}]}}