{"id":89647,"date":"2025-10-27T13:03:30","date_gmt":"2025-10-27T12:03:30","guid":{"rendered":"https:\/\/www.ofmconv.net\/ottobre-missionario-al-seraphicum-con-lo-sguardo-sul-centenario-della-cina\/"},"modified":"2025-10-27T13:12:41","modified_gmt":"2025-10-27T12:12:41","slug":"ottobre-missionario-al-seraphicum-con-lo-sguardo-sul-centenario-della-cina","status":"publish","type":"post","link":"https:\/\/www.ofmconv.net\/es\/ottobre-missionario-al-seraphicum-con-lo-sguardo-sul-centenario-della-cina\/","title":{"rendered":"Octubre misionero en el Seraphicum <br>Con la mirada puesta en el Centenario de China"},"content":{"rendered":"<p><strong>El 23 de octubre de 2025, la comunidad del <em>Seraphicum<\/em> (profesores y colegio) vivi\u00f3 un momento de animaci\u00f3n misionera dentro de las iniciativas que la Iglesia dedica a la \u201cmisi\u00f3n\u201d durante el mes de octubre.<\/strong><\/p>\n<p>En particular, este a\u00f1o la comunidad quiso profundizar en el tema de la misi\u00f3n con ocasi\u00f3n del A\u00f1o Centenario de la apertura de la Misi\u00f3n en China (1925-2025). El encuentro fue animado por Fray Paolo FIASCONARO, antiguo Director del Centro Misionero de la FIMP (Federazione Intermediterranea Ministri Provinciali), con la presencia del Guardi\u00e1n y Rector del <em>Seraphicum<\/em>, Fray Adam M\u0104CZKA, del Decano de la Facultad San Buenaventura, Fray Raffaele DI MURO, de algunos Hermanos de la comunidad estable y de los 60 estudiantes del Colegio junto con sus formadores.<br \/>\nAl inicio, Fray Paolo se detuvo en el tema del mensaje del Papa para la Jornada Mundial de las Misiones: \u2018<em>Misioneros de esperanza entre los pueblos<\/em>\u2019, invitando a los Hermanos a redescubrir el valor de la misi\u00f3n y a construir puentes de esperanza entre los numerosos pueblos acompa\u00f1ados por nuestros Hermanos misioneros presentes en 40 naciones. Esta pasi\u00f3n misionera fue la misma que vivieron nuestros Hermanos que, hace cien a\u00f1os, animaron a las poblaciones chinas durante los 27 a\u00f1os de su permanencia en aquellas tierras, dando as\u00ed inicio al camino misionero de nuestra Orden.<br \/>\nSeguidamente, se present\u00f3 el volumen publicado por el Centro Misionero titulado \u201cChina. El alba misionera de los Hermanos Menores Conventuales\u201d. El libro, escrito por Fray Paolo junto con Fray Matteo LUO, narra en la primera parte el contexto hist\u00f3rico, marcado por las dif\u00edciles circunstancias de las supresiones de las \u00d3rdenes religiosas y de los bienes eclesi\u00e1sticos. En la segunda parte, Fray Matteo describe la actividad pastoral de los Hermanos en tierra china a partir de 1925 y la intensa labor misionera de los cuatro Prefectos Apost\u00f3licos Conventuales.<br \/>\nTras la presentaci\u00f3n del volumen, se proyect\u00f3 el documental <em>El camino franciscano y evang\u00e9lico de la seda<\/em>, realizado por el Centro Misionero en los lugares donde vivieron nuestros misioneros entre 1925 y 1952. Para sensibilizar a los j\u00f3venes sobre la misi\u00f3n, tambi\u00e9n se proyect\u00f3 un breve video sobre la experiencia misionera llevada a cabo por el Centro durante los diez a\u00f1os de evangelizaci\u00f3n veraniega en las riberas del T\u00edber.<br \/>\nAl concluir, el Guardi\u00e1n del <em>Seraphicum<\/em>, Fray Adam, agradeci\u00f3 a Fray Paolo por su testimonio y por haber compartido juntos este momento de animaci\u00f3n misionera. En todos se percib\u00eda la alegr\u00eda de haberse acercado a una p\u00e1gina de historia franciscana en clave misionera y, sobre todo, el deseo de renovar el compromiso de vivir la cotidianidad con esp\u00edritu misionero y con el mismo entusiasmo de tantos Hermanos que, hace un siglo, llevaron el Evangelio a las tierras de Oriente.<br \/>\nCon esta reflexi\u00f3n misionera en el <em>Seraphicum<\/em>, para \u2018hacer memoria hist\u00f3rica\u2019, concluyeron los catorce encuentros que el Centro Misionero realiz\u00f3 en los Cap\u00edtulos provinciales, en las casas de formaci\u00f3n, entre las Clarisas y durante el Cap\u00edtulo general de 2025.<\/p>\n<p style=\"text-align: right;\">Fray Paolo FIASCONARO.<\/p>\nngg_shortcode_0_placeholder\n","protected":false},"excerpt":{"rendered":"<p>El 23 de octubre de 2025, la comunidad del Seraphicum (profesores y colegio) vivi\u00f3 un momento de animaci\u00f3n misionera dentro de las iniciativas que la Iglesia dedica a la \u201cmisi\u00f3n\u201d durante el mes de octubre. En particular, este a\u00f1o la comunidad quiso profundizar en el tema de la misi\u00f3n con ocasi\u00f3n del A\u00f1o Centenario de [&hellip;]<\/p>\n","protected":false},"author":1,"featured_media":89643,"comment_status":"closed","ping_status":"open","sticky":false,"template":"","format":"standard","meta":{"ngg_post_thumbnail":0,"footnotes":""},"categories":[133,116,150],"tags":[817],"class_list":["post-89647","post","type-post","status-publish","format-standard","has-post-thumbnail","category-federaciones","category-fimp-es","category-noticias","tag-centro-misionero"],"_links":{"self":[{"href":"https:\/\/www.ofmconv.net\/es\/wp-json\/wp\/v2\/posts\/89647","targetHints":{"allow":["GET"]}}],"collection":[{"href":"https:\/\/www.ofmconv.net\/es\/wp-json\/wp\/v2\/posts"}],"about":[{"href":"https:\/\/www.ofmconv.net\/es\/wp-json\/wp\/v2\/types\/post"}],"author":[{"embeddable":true,"href":"https:\/\/www.ofmconv.net\/es\/wp-json\/wp\/v2\/users\/1"}],"replies":[{"embeddable":true,"href":"https:\/\/www.ofmconv.net\/es\/wp-json\/wp\/v2\/comments?post=89647"}],"version-history":[{"count":2,"href":"https:\/\/www.ofmconv.net\/es\/wp-json\/wp\/v2\/posts\/89647\/revisions"}],"predecessor-version":[{"id":89653,"href":"https:\/\/www.ofmconv.net\/es\/wp-json\/wp\/v2\/posts\/89647\/revisions\/89653"}],"wp:featuredmedia":[{"embeddable":true,"href":"https:\/\/www.ofmconv.net\/es\/wp-json\/wp\/v2\/media\/89643"}],"wp:attachment":[{"href":"https:\/\/www.ofmconv.net\/es\/wp-json\/wp\/v2\/media?parent=89647"}],"wp:term":[{"taxonomy":"category","embeddable":true,"href":"https:\/\/www.ofmconv.net\/es\/wp-json\/wp\/v2\/categories?post=89647"},{"taxonomy":"post_tag","embeddable":true,"href":"https:\/\/www.ofmconv.net\/es\/wp-json\/wp\/v2\/tags?post=89647"}],"curies":[{"name":"wp","href":"https:\/\/api.w.org\/{rel}","templated":true}]}}