{"id":90092,"date":"2025-11-05T13:07:49","date_gmt":"2025-11-05T12:07:49","guid":{"rendered":"https:\/\/www.ofmconv.net\/malta-capitolo-provinciale-straordinario-2\/"},"modified":"2025-11-05T13:15:33","modified_gmt":"2025-11-05T12:15:33","slug":"malta-capitolo-provinciale-straordinario-2","status":"publish","type":"post","link":"https:\/\/www.ofmconv.net\/es\/malta-capitolo-provinciale-straordinario-2\/","title":{"rendered":"Malta: Cap\u00edtulo provincial extraordinario"},"content":{"rendered":"<p><strong>Del 6 al 10 de octubre de 2025, la Provincia de San Pablo Ap\u00f3stol en Malta celebr\u00f3 el Cap\u00edtulo provincial extraordinario en el Centro Cultural Franciscano de Birkirkara.<\/strong><\/p>\n<p>Presidi\u00f3 el Ministro general, Fray Carlos Alberto TROVARELLI, asistido por Fray Colin Charles SAMMUT, Asistente general de la FIMP (Federazione Intermediterranea Ministri Provinciali) y miembro de la misma Provincia, quien tambi\u00e9n ha sido Ministro provincial durante este cuatrienio.<br \/>\nEl primer d\u00eda del Cap\u00edtulo inici\u00f3 con la Misa votiva al Esp\u00edritu Santo. En el aula capitular, tras la introducci\u00f3n del Ministro general, el Vicario provincial, Fray Paul DARMANIN, present\u00f3 el informe sobre la experiencia de vida y trabajo de los Hermanos en los \u00faltimos dos a\u00f1os. Los Hermanos tambi\u00e9n tuvieron tiempo para una reflexi\u00f3n personal sobre su presencia en la fraternidad. Por la tarde, el Ministro general se reuni\u00f3 con el Definitorio provincial para trazar el trabajo capitular de los pr\u00f3ximos d\u00edas, en los cuales era necesario tomar decisiones concretas sobre la vida de la Provincia.<br \/>\nEl segundo d\u00eda del Cap\u00edtulo comenz\u00f3 con una reflexi\u00f3n sobre el escrito de San Francisco acerca de la verdadera y perfecta alegr\u00eda. Esto ayud\u00f3 en la evaluaci\u00f3n de las experiencias vividas por los Hermanos en los \u00faltimos a\u00f1os, que pudieron compartir durante la sesi\u00f3n del d\u00eda anterior. El desaf\u00edo que representa el reducido n\u00famero de Hermanos es tambi\u00e9n una buena oportunidad para que la Provincia descubra nuevos caminos que el Esp\u00edritu la inspira a recorrer. Por la tarde, el Ministro general volvi\u00f3 a reunirse con el Definitorio provincial para profundizar en algunos temas.<br \/>\nEl tercer d\u00eda del Cap\u00edtulo inici\u00f3 con la devoci\u00f3n mariana del \u2018Akathistos\u2019. Se discutieron algunas actividades de los Hermanos y se votaron varias propuestas para la administraci\u00f3n econ\u00f3mica de la Provincia y de los Conventos. Por la noche, los Hermanos se reunieron en el Convento de \u2018La Valletta\u2019, donde fue bendecida la nueva Penitenciar\u00eda, uno de los proyectos aprobados por el Cap\u00edtulo provincial ordinario de 2023.<br \/>\nEl cuarto d\u00eda del Cap\u00edtulo comenz\u00f3 con un momento de Adoraci\u00f3n Eucar\u00edstica. Luego continuaron la discusi\u00f3n y la votaci\u00f3n sobre la Unidad Pastoral en la zona de \u2018San Pablo al Mar\u2019. Se determin\u00f3 que la comunidad de Qawra ser\u00e1 comunidad filial del Convento de San Pablo al Mar. Tambi\u00e9n fueron debatidas y votadas propuestas relacionadas con la pastoral juvenil, la misi\u00f3n en India y la posibilidad de colaborar con una ONG maltesa para una obra a favor de la vida y de la muerte digna de los m\u00e1s peque\u00f1os.<br \/>\nEl \u00faltimo d\u00eda del Cap\u00edtulo, el Vicario provincial presidi\u00f3 la Santa Misa. Despu\u00e9s de concluir la discusi\u00f3n y votaci\u00f3n sobre la \u00faltima propuesta del d\u00eda anterior, se procedi\u00f3 a la elecci\u00f3n del nuevo Definitorio. Los miembros que resultaron elegidos son: Fray Andrew GALEA (Pro-Vicario provincial, I mandato), Fray Arthur CUTAJAR (Secretario provincial, I mandato), Fray Mario SANT (I mandato) y Fray Damian VELIYIL (I mandato).<\/p>\n<p style=\"text-align: right;\">Fray Allister M. AQUILINA, Secretario del Cap\u00edtulo.<\/p>\nngg_shortcode_0_placeholder\n","protected":false},"excerpt":{"rendered":"<p>Del 6 al 10 de octubre de 2025, la Provincia de San Pablo Ap\u00f3stol en Malta celebr\u00f3 el Cap\u00edtulo provincial extraordinario en el Centro Cultural Franciscano de Birkirkara. Presidi\u00f3 el Ministro general, Fray Carlos Alberto TROVARELLI, asistido por Fray Colin Charles SAMMUT, Asistente general de la FIMP (Federazione Intermediterranea Ministri Provinciali) y miembro de la [&hellip;]<\/p>\n","protected":false},"author":1,"featured_media":90088,"comment_status":"closed","ping_status":"open","sticky":false,"template":"","format":"standard","meta":{"ngg_post_thumbnail":0,"footnotes":""},"categories":[133,116,150],"tags":[198,1164],"class_list":["post-90092","post","type-post","status-publish","format-standard","has-post-thumbnail","category-federaciones","category-fimp-es","category-noticias","tag-capitulo","tag-malta-es"],"_links":{"self":[{"href":"https:\/\/www.ofmconv.net\/es\/wp-json\/wp\/v2\/posts\/90092","targetHints":{"allow":["GET"]}}],"collection":[{"href":"https:\/\/www.ofmconv.net\/es\/wp-json\/wp\/v2\/posts"}],"about":[{"href":"https:\/\/www.ofmconv.net\/es\/wp-json\/wp\/v2\/types\/post"}],"author":[{"embeddable":true,"href":"https:\/\/www.ofmconv.net\/es\/wp-json\/wp\/v2\/users\/1"}],"replies":[{"embeddable":true,"href":"https:\/\/www.ofmconv.net\/es\/wp-json\/wp\/v2\/comments?post=90092"}],"version-history":[{"count":2,"href":"https:\/\/www.ofmconv.net\/es\/wp-json\/wp\/v2\/posts\/90092\/revisions"}],"predecessor-version":[{"id":90098,"href":"https:\/\/www.ofmconv.net\/es\/wp-json\/wp\/v2\/posts\/90092\/revisions\/90098"}],"wp:featuredmedia":[{"embeddable":true,"href":"https:\/\/www.ofmconv.net\/es\/wp-json\/wp\/v2\/media\/90088"}],"wp:attachment":[{"href":"https:\/\/www.ofmconv.net\/es\/wp-json\/wp\/v2\/media?parent=90092"}],"wp:term":[{"taxonomy":"category","embeddable":true,"href":"https:\/\/www.ofmconv.net\/es\/wp-json\/wp\/v2\/categories?post=90092"},{"taxonomy":"post_tag","embeddable":true,"href":"https:\/\/www.ofmconv.net\/es\/wp-json\/wp\/v2\/tags?post=90092"}],"curies":[{"name":"wp","href":"https:\/\/api.w.org\/{rel}","templated":true}]}}