{"id":91517,"date":"2025-12-08T12:39:41","date_gmt":"2025-12-08T11:39:41","guid":{"rendered":"https:\/\/www.ofmconv.net\/colombia-seconda-parte-del-ix-capitolo-custodiale-ordinario\/"},"modified":"2025-12-08T12:45:12","modified_gmt":"2025-12-08T11:45:12","slug":"colombia-seconda-parte-del-ix-capitolo-custodiale-ordinario","status":"publish","type":"post","link":"https:\/\/www.ofmconv.net\/es\/colombia-seconda-parte-del-ix-capitolo-custodiale-ordinario\/","title":{"rendered":"Colombia: Segunda parte del IX Capitulo custodial ordinario"},"content":{"rendered":"<p><strong>Los d\u00edas 1 al 5 de diciembre de 2025 tuvo lugar en el Convento San Antonio de Padua de Bogot\u00e1 la segunda parte del IX Cap\u00edtulo de la Custodia provincial San Francisco de As\u00eds en Colombia. El encuentro comenz\u00f3 con una jornada dedicada a la reflexi\u00f3n y al silencio, centrada en la <em>Carta a un ministro<\/em> del ser\u00e1fico padre San Francisco, guiada por Fray Juan Antonio AD\u00c1NEZ SILV\u00c1N, Ministro de la Provincia Madre Nuestra Se\u00f1ora de Montserrat en Espa\u00f1a.<\/strong><\/p>\n<p>En un ambiente fraterno y de di\u00e1logo sincero, los hermanos compartieron sus preocupaciones, anhelos y sue\u00f1os con el objetivo de hacer que la vida de la Custodia sea lo m\u00e1s significativa posible en el cuatrienio que est\u00e1 por comenzar. Se debatieron los temas m\u00e1s relevantes presentados en el <em>Instrumentum laboris<\/em>, apostando decididamente por cuidar la vida espiritual, fortalecer la identidad carism\u00e1tica de Hermanos Menores Conventuales, promover la misi\u00f3n compartida y trabajar por la autosostenibilidad de la jurisdicci\u00f3n.<br \/>\nSe eligieron los Guardianes, los presidentes de comisiones y los responsables de otros servicios. Como familia custodial, se celebr\u00f3 la Navidad; entre cantos, villancicos y oraciones, los hermanos conmemoraron la ternura del Ni\u00f1o de Bel\u00e9n, nacido para la salvaci\u00f3n del mundo. El Cap\u00edtulo culmin\u00f3 con la exhortaci\u00f3n del Custodio provincial, Fray Sidifredo de la Cruz CHAPARRO GUALDR\u00d3N, quien anim\u00f3 a poner la confianza en el Se\u00f1or, Roca de Salvaci\u00f3n, y a no confiar \u00fanicamente en una proyecci\u00f3n inteligente y estrat\u00e9gica, sino a fundamentar la vida en el proyecto del Evangelio y en el amor a un carisma del que cada Hermano es heredero y tiene la misi\u00f3n de perpetuar con amor.<br \/>\nEl d\u00eda 5, durante la Misa de clausura presidida por el Ministro provincial, Fray Juan Antonio, se conmemor\u00f3 el d\u00e9cimo aniversario de la beatificaci\u00f3n de los M\u00e1rtires de Pariacoto, Per\u00fa: nuestros Hermanos Fray Micha\u0142 TOMASZEK y Fray Zbigniew STRZA\u0141KOWSKI. A la celebraci\u00f3n asisti\u00f3 la Sra. Barbara SO\u015aNICKA, Embajadora de Polonia en Colombia, quien inaugur\u00f3 la exposici\u00f3n fotogr\u00e1fica dedicada a la vida de nuestros hermanos m\u00e1rtires. Tambi\u00e9n estuvieron presentes el Sr. Giancarlo Maria CURCIO, Embajador de Italia en Colombia, as\u00ed como una representaci\u00f3n de miembros de la Milicia de la Inmaculada y de la Orden Franciscana Seglar.<\/p>\n<p style=\"text-align: right;\">Custodia provincial San Francisco de As\u00eds en Colombia<\/p>\nngg_shortcode_0_placeholder\n","protected":false},"excerpt":{"rendered":"<p>Los d\u00edas 1 al 5 de diciembre de 2025 tuvo lugar en el Convento San Antonio de Padua de Bogot\u00e1 la segunda parte del IX Cap\u00edtulo de la Custodia provincial San Francisco de As\u00eds en Colombia. El encuentro comenz\u00f3 con una jornada dedicada a la reflexi\u00f3n y al silencio, centrada en la Carta a un [&hellip;]<\/p>\n","protected":false},"author":1,"featured_media":91518,"comment_status":"closed","ping_status":"open","sticky":false,"template":"","format":"standard","meta":{"ngg_post_thumbnail":0,"footnotes":""},"categories":[109,133,150],"tags":[198,1601],"class_list":["post-91517","post","type-post","status-publish","format-standard","has-post-thumbnail","category-falc-es","category-federaciones","category-noticias","tag-capitulo","tag-colombia-es"],"_links":{"self":[{"href":"https:\/\/www.ofmconv.net\/es\/wp-json\/wp\/v2\/posts\/91517","targetHints":{"allow":["GET"]}}],"collection":[{"href":"https:\/\/www.ofmconv.net\/es\/wp-json\/wp\/v2\/posts"}],"about":[{"href":"https:\/\/www.ofmconv.net\/es\/wp-json\/wp\/v2\/types\/post"}],"author":[{"embeddable":true,"href":"https:\/\/www.ofmconv.net\/es\/wp-json\/wp\/v2\/users\/1"}],"replies":[{"embeddable":true,"href":"https:\/\/www.ofmconv.net\/es\/wp-json\/wp\/v2\/comments?post=91517"}],"version-history":[{"count":2,"href":"https:\/\/www.ofmconv.net\/es\/wp-json\/wp\/v2\/posts\/91517\/revisions"}],"predecessor-version":[{"id":91523,"href":"https:\/\/www.ofmconv.net\/es\/wp-json\/wp\/v2\/posts\/91517\/revisions\/91523"}],"wp:featuredmedia":[{"embeddable":true,"href":"https:\/\/www.ofmconv.net\/es\/wp-json\/wp\/v2\/media\/91518"}],"wp:attachment":[{"href":"https:\/\/www.ofmconv.net\/es\/wp-json\/wp\/v2\/media?parent=91517"}],"wp:term":[{"taxonomy":"category","embeddable":true,"href":"https:\/\/www.ofmconv.net\/es\/wp-json\/wp\/v2\/categories?post=91517"},{"taxonomy":"post_tag","embeddable":true,"href":"https:\/\/www.ofmconv.net\/es\/wp-json\/wp\/v2\/tags?post=91517"}],"curies":[{"name":"wp","href":"https:\/\/api.w.org\/{rel}","templated":true}]}}