{"id":91875,"date":"2025-12-19T12:50:47","date_gmt":"2025-12-19T11:50:47","guid":{"rendered":"https:\/\/www.ofmconv.net\/proiettato-il-film-parola-di-tommaso-al-seraphicum\/"},"modified":"2025-12-19T12:52:16","modified_gmt":"2025-12-19T11:52:16","slug":"proiettato-il-film-parola-di-tommaso-al-seraphicum","status":"publish","type":"post","link":"https:\/\/www.ofmconv.net\/es\/proiettato-il-film-parola-di-tommaso-al-seraphicum\/","title":{"rendered":"Proyecci\u00f3n de la pel\u00edcula \u2018Palabra de Tom\u00e1s\u2019 en el Seraphicum"},"content":{"rendered":"<p><strong>Hay una paradoja fascinante en la historia de Tom\u00e1s de Celano: es el hombre que regal\u00f3 al mundo el retrato de San Francisco y, sin embargo, su figura ha quedado a menudo en segundo plano, casi como si permaneciera oculta detr\u00e1s del Poverello. El 18 de diciembre de 2025, en el auditorio del Seraphicum de Roma, tuvo lugar una proyecci\u00f3n especial de la pel\u00edcula \u2018Palabra de Tom\u00e1s\u2019, con la que se quiso colmar este vac\u00edo.<\/strong><\/p>\n<p>El evento cont\u00f3 con una participaci\u00f3n amplia y sentida, reuniendo en un mismo lugar a Hermanos estudiantes, visitantes externos y una nutrida representaci\u00f3n de Hermanos de la Curia general, todos convocados para redescubrir una figura clave de la historia franciscana.<br \/>\nHicieron los honores de la casa Fray Raffaele DI MURO, Vicario del Convento y Preside de la Pontificia Facultad Teol\u00f3gica \u2018San Buenaventura\u2019, junto con el Ministro general de la Orden, Fray Carlos A. TROVARELLI, quien abri\u00f3 el encuentro con un agradecimiento sincero a quienes creyeron en este proyecto, haciendo posible una velada de gran intensidad.<br \/>\nAl t\u00e9rmino de la proyecci\u00f3n, que mantuvo viva la atenci\u00f3n y la emoci\u00f3n de los presentes, Fray Raffaele DI MURO invit\u00f3 a subir al escenario a los protagonistas de esta aventura art\u00edstica e institucional. En un clima de di\u00e1logo y de intercambio, intervinieron el director Matteo VANNI, el actor protagonista Corrado ODDI y otros miembros del elenco, acompa\u00f1ados por las autoridades civiles representadas por el alcalde de Tagliacozzo, Dr. Vincenzo GIOVAGNORIO, y el vicealcalde de Celano, Piero IANNI. Estuvieron presentes tambi\u00e9n Fray Raimundo Valdo NOGUEIRA, Postulador general de la Orden, y Fray Maurizio DI PAOLO, Procurador general, cuya aportaci\u00f3n result\u00f3 decisiva para la organizaci\u00f3n de la proyecci\u00f3n.<br \/>\nDel di\u00e1logo surgido se desprendieron los ejes que guiaron la realizaci\u00f3n de la pel\u00edcula, ante todo el deseo de dar a conocer la historia de Tom\u00e1s de Celano m\u00e1s all\u00e1 de los confines del mundo franciscano, devolviendo dignidad a un personaje complejo.<br \/>\nSe subray\u00f3 asimismo que la pel\u00edcula es una obra \u2018cruda\u2019, audaz y valiente, al no temer narrar la verdad hist\u00f3rica, una opci\u00f3n estil\u00edstica recompensada con una acogida extraordinaria por parte del p\u00fablico. Las intervenciones pusieron de relieve la paradoja de Tom\u00e1s: un hombre que no dej\u00f3 escritos personales y que vivi\u00f3 constantemente a la sombra de San Francisco, pero sin el cual el mundo no habr\u00eda conocido al Poverello de As\u00eds tal como lo conocemos hoy.<br \/>\nEn esta tensi\u00f3n entre la sombra y la luz del testimonio se inscribe el tema central que gui\u00f3 la reflexi\u00f3n del director: la importancia de la \u2018palabra\u2019, entendida como fundamento de la relaci\u00f3n y como veh\u00edculo privilegiado de las emociones, reforzada en la pel\u00edcula por una banda sonora concebida para sacar a la luz los sentimientos m\u00e1s profundos.<br \/>\nLa velada concluy\u00f3, antes de la fotograf\u00eda de rigor, con un agradecimiento a todos los presentes, cuya colaboraci\u00f3n concreta result\u00f3 fundamental para la realizaci\u00f3n de una obra tan significativa para la memoria hist\u00f3rica y religiosa.<\/p>\n<p style=\"text-align: right;\">Fray Michele DE GREGORIO.<\/p>\nngg_shortcode_0_placeholder\n","protected":false},"excerpt":{"rendered":"<p>Hay una paradoja fascinante en la historia de Tom\u00e1s de Celano: es el hombre que regal\u00f3 al mundo el retrato de San Francisco y, sin embargo, su figura ha quedado a menudo en segundo plano, casi como si permaneciera oculta detr\u00e1s del Poverello. El 18 de diciembre de 2025, en el auditorio del Seraphicum de [&hellip;]<\/p>\n","protected":false},"author":1,"featured_media":91873,"comment_status":"closed","ping_status":"open","sticky":false,"template":"","format":"standard","meta":{"ngg_post_thumbnail":0,"footnotes":""},"categories":[133,116,150],"tags":[338],"class_list":["post-91875","post","type-post","status-publish","format-standard","has-post-thumbnail","category-federaciones","category-fimp-es","category-noticias","tag-seraphicum-es"],"_links":{"self":[{"href":"https:\/\/www.ofmconv.net\/es\/wp-json\/wp\/v2\/posts\/91875","targetHints":{"allow":["GET"]}}],"collection":[{"href":"https:\/\/www.ofmconv.net\/es\/wp-json\/wp\/v2\/posts"}],"about":[{"href":"https:\/\/www.ofmconv.net\/es\/wp-json\/wp\/v2\/types\/post"}],"author":[{"embeddable":true,"href":"https:\/\/www.ofmconv.net\/es\/wp-json\/wp\/v2\/users\/1"}],"replies":[{"embeddable":true,"href":"https:\/\/www.ofmconv.net\/es\/wp-json\/wp\/v2\/comments?post=91875"}],"version-history":[{"count":2,"href":"https:\/\/www.ofmconv.net\/es\/wp-json\/wp\/v2\/posts\/91875\/revisions"}],"predecessor-version":[{"id":91877,"href":"https:\/\/www.ofmconv.net\/es\/wp-json\/wp\/v2\/posts\/91875\/revisions\/91877"}],"wp:featuredmedia":[{"embeddable":true,"href":"https:\/\/www.ofmconv.net\/es\/wp-json\/wp\/v2\/media\/91873"}],"wp:attachment":[{"href":"https:\/\/www.ofmconv.net\/es\/wp-json\/wp\/v2\/media?parent=91875"}],"wp:term":[{"taxonomy":"category","embeddable":true,"href":"https:\/\/www.ofmconv.net\/es\/wp-json\/wp\/v2\/categories?post=91875"},{"taxonomy":"post_tag","embeddable":true,"href":"https:\/\/www.ofmconv.net\/es\/wp-json\/wp\/v2\/tags?post=91875"}],"curies":[{"name":"wp","href":"https:\/\/api.w.org\/{rel}","templated":true}]}}