{"id":94367,"date":"2026-02-27T12:57:38","date_gmt":"2026-02-27T11:57:38","guid":{"rendered":"https:\/\/www.ofmconv.net\/palermo-una-celebrazione-nel-ricordo-del-venerabile-fra-luigi-lo-verde\/"},"modified":"2026-02-27T13:03:38","modified_gmt":"2026-02-27T12:03:38","slug":"palermo-una-celebrazione-nel-ricordo-del-venerabile-fra-luigi-lo-verde","status":"publish","type":"post","link":"https:\/\/www.ofmconv.net\/es\/palermo-una-celebrazione-nel-ricordo-del-venerabile-fra-luigi-lo-verde\/","title":{"rendered":"Palermo: una celebraci\u00f3n en recuerdo del Venerable Fray Luigi LO VERDE"},"content":{"rendered":"<p><strong>El 12 de febrero de 2026, en la iglesia parroquial del Sagrado Coraz\u00f3n de <em>La Noce<\/em>, en Palermo, se celebr\u00f3 una solemne liturgia en memoria del Venerable Fray Luigi LO VERDE, OFMConv, al cumplirse noventa y cuatro a\u00f1os de su fallecimiento.<\/strong><\/p>\n<p>En un templo colmado de fieles, los devotos del Venerable Fray Luigi rindieron homenaje a aquel muchacho que quer\u00eda hacerse santo y cuya vida, tan breve, sigue interpelando a la Iglesia, que no siempre logra dialogar con los j\u00f3venes. La celebraci\u00f3n fue presidida por Fray Salvino PULIZZOTTO, Ministro provincial de la Provincia Italiana de la Inmaculada Concepci\u00f3n (Calabria y Sicilia).<br \/>\nFray Luigi \u2014Filippo, en el siglo\u2014 naci\u00f3 en Tebourba, T\u00fanez, el 20 de diciembre de 1910, hijo de padres palermitanos que hab\u00edan emigrado por motivos de trabajo. Regres\u00f3 siendo ni\u00f1o a Palermo, donde creci\u00f3 en un ambiente profundamente religioso. Era inquieto, incluso travieso, pero pronto descubri\u00f3 el gusto por la oraci\u00f3n silenciosa. A los doce a\u00f1os anunci\u00f3 su decisi\u00f3n: quer\u00eda hacerse fraile \u00ab<em>para hacerme santo<\/em>\u00bb.<br \/>\nIngres\u00f3 entre los Hermanos conventuales en 1922, visti\u00f3 el h\u00e1bito el 21 de enero de 1923 y comenz\u00f3 un camino marcado por el estudio, el fervor y tambi\u00e9n la enfermedad. Una oligohemia persistente lo acompa\u00f1\u00f3 durante los a\u00f1os de formaci\u00f3n en Mussomeli, Montevago y Palermo. Nada, sin embargo, debilit\u00f3 su deseo: \u00ab<em>hacerme santo, gran santo<\/em>\u00bb. Emiti\u00f3 la profesi\u00f3n temporal el 8 de diciembre de 1927 y recibi\u00f3 la tonsura y las \u00f3rdenes menores en 1931.<br \/>\nEl 15 de octubre de 1931, mientras visitaba a sus padres, su estado se agrav\u00f3 definitivamente. Muri\u00f3 el 12 de febrero de 1932, con apenas veinti\u00fan a\u00f1os, susurrando: \u00ab<em>\u00a1Qu\u00e9 dulce es el paso hacia el Cielo!<\/em>\u00bb.<br \/>\nDesde el 16 de mayo de 1992, sus restos reposan en la iglesia del Sagrado Coraz\u00f3n de <em>La Noce<\/em>, en Palermo, en un sepulcro de m\u00e1rmol situado en la capilla de la Inmaculada, en el lado derecho de la nave, a los pies de la Virgen, junto a la sacrist\u00eda. El 14 de junio de 2016 el Papa Francisco autoriz\u00f3 el decreto que lo declar\u00f3 Venerable.<br \/>\nEn la homil\u00eda, Fray Salvino record\u00f3 que la santidad no es cuesti\u00f3n de a\u00f1os, sino de intensidad. En un tiempo en que la Iglesia parece desconcertada ante los j\u00f3venes, la figura de este muchacho del siglo XX habla con una actualidad sorprendente: inquieto, interiormente luchador, fr\u00e1gil de cuerpo pero firme de esp\u00edritu. No fue un h\u00e9roe de m\u00e1rmol, sino un joven de veinte a\u00f1os con el coraz\u00f3n encendido que decidi\u00f3 apostarlo todo por Cristo. Quiz\u00e1 eso explicaba la iglesia llena: la nostalgia de una fe vivida sin medias tintas. Porque Fray Luigi no fund\u00f3 obras, no escribi\u00f3 tratados, no alcanz\u00f3 a ser sacerdote. Hizo algo m\u00e1s: tom\u00f3 en serio el deseo de Dios. Y Palermo, noventa y cuatro a\u00f1os despu\u00e9s, sigue record\u00e1ndolo.<\/p>\n<p style=\"text-align: right;\">Davide ROMANO, aspirante.<\/p>\nngg_shortcode_0_placeholder\n","protected":false},"excerpt":{"rendered":"<p>El 12 de febrero de 2026, en la iglesia parroquial del Sagrado Coraz\u00f3n de La Noce, en Palermo, se celebr\u00f3 una solemne liturgia en memoria del Venerable Fray Luigi LO VERDE, OFMConv, al cumplirse noventa y cuatro a\u00f1os de su fallecimiento. En un templo colmado de fieles, los devotos del Venerable Fray Luigi rindieron homenaje [&hellip;]<\/p>\n","protected":false},"author":1,"featured_media":94363,"comment_status":"closed","ping_status":"open","sticky":false,"template":"","format":"standard","meta":{"ngg_post_thumbnail":0,"footnotes":""},"categories":[133,116,150],"tags":[2573,5098],"class_list":["post-94367","post","type-post","status-publish","format-standard","has-post-thumbnail","category-federaciones","category-fimp-es","category-noticias","tag-italia-inmaculata","tag-luigi-lo-verde"],"_links":{"self":[{"href":"https:\/\/www.ofmconv.net\/es\/wp-json\/wp\/v2\/posts\/94367","targetHints":{"allow":["GET"]}}],"collection":[{"href":"https:\/\/www.ofmconv.net\/es\/wp-json\/wp\/v2\/posts"}],"about":[{"href":"https:\/\/www.ofmconv.net\/es\/wp-json\/wp\/v2\/types\/post"}],"author":[{"embeddable":true,"href":"https:\/\/www.ofmconv.net\/es\/wp-json\/wp\/v2\/users\/1"}],"replies":[{"embeddable":true,"href":"https:\/\/www.ofmconv.net\/es\/wp-json\/wp\/v2\/comments?post=94367"}],"version-history":[{"count":2,"href":"https:\/\/www.ofmconv.net\/es\/wp-json\/wp\/v2\/posts\/94367\/revisions"}],"predecessor-version":[{"id":94373,"href":"https:\/\/www.ofmconv.net\/es\/wp-json\/wp\/v2\/posts\/94367\/revisions\/94373"}],"wp:featuredmedia":[{"embeddable":true,"href":"https:\/\/www.ofmconv.net\/es\/wp-json\/wp\/v2\/media\/94363"}],"wp:attachment":[{"href":"https:\/\/www.ofmconv.net\/es\/wp-json\/wp\/v2\/media?parent=94367"}],"wp:term":[{"taxonomy":"category","embeddable":true,"href":"https:\/\/www.ofmconv.net\/es\/wp-json\/wp\/v2\/categories?post=94367"},{"taxonomy":"post_tag","embeddable":true,"href":"https:\/\/www.ofmconv.net\/es\/wp-json\/wp\/v2\/tags?post=94367"}],"curies":[{"name":"wp","href":"https:\/\/api.w.org\/{rel}","templated":true}]}}